{"id":4280,"date":"2025-10-26T21:32:50","date_gmt":"2025-10-27T00:32:50","guid":{"rendered":"https:\/\/cafecommessias.com.br\/?p=4280"},"modified":"2025-10-26T21:33:03","modified_gmt":"2025-10-27T00:33:03","slug":"marinha-do-brasil-emite-alerta-de-ventos-fortes-entre-o-rn-e-o-maranhao","status":"publish","type":"post","link":"https:\/\/cafecommessias.com.br\/?p=4280","title":{"rendered":"Marinha do Brasil emite alerta de ventos fortes entre o RN e o Maranh\u00e3o"},"content":{"rendered":"\n<p>A&nbsp;<strong>Marinha do Brasil<\/strong>&nbsp;emitiu um alerta de ventos fortes para a faixa litor\u00e2nea que vai de&nbsp;<strong>Natal (RN)<\/strong>&nbsp;at\u00e9&nbsp;<strong>S\u00e3o Lu\u00eds (MA)<\/strong>, abrangendo os estados do&nbsp;<strong>Rio Grande do Norte, Cear\u00e1, Piau\u00ed e Maranh\u00e3o<\/strong>.<\/p>\n\n\n\n<p>De acordo com o comunicado, a intensifica\u00e7\u00e3o dos&nbsp;<strong>ventos al\u00edsios<\/strong>&nbsp;poder\u00e1 provocar rajadas com dire\u00e7\u00e3o&nbsp;<strong>Sudeste a Leste<\/strong>&nbsp;e&nbsp;<strong>intensidade de at\u00e9 60 km\/h (33 n\u00f3s)<\/strong>. As condi\u00e7\u00f5es adversas devem ocorrer&nbsp;<strong>entre a manh\u00e3 deste domingo (26) e a noite de segunda-feira (27) de outubro<\/strong>.<\/p>\n\n\n\n<p>A Marinha recomenda que&nbsp;<strong>embarca\u00e7\u00f5es de pequeno porte<\/strong>&nbsp;evitem navegar durante o per\u00edodo do alerta e que&nbsp;<strong>pescadores e comunidades litor\u00e2neas<\/strong>&nbsp;mantenham aten\u00e7\u00e3o redobrada. As&nbsp;<strong>condi\u00e7\u00f5es do mar<\/strong>&nbsp;podem ficar agitadas, com aumento das&nbsp;<strong>ondas e correntezas<\/strong>.<\/p>\n\n\n\n<p>O \u00f3rg\u00e3o orienta ainda que as informa\u00e7\u00f5es meteorol\u00f3gicas sejam acompanhadas por meio dos canais oficiais da&nbsp;<strong>Marinha do Brasil<\/strong>&nbsp;e dos&nbsp;<strong>\u00f3rg\u00e3os de defesa civil locais<\/strong>, que atualizam constantemente as previs\u00f5es e alertas mar\u00edtimos.<\/p>\n","protected":false},"excerpt":{"rendered":"<p>A&nbsp;Marinha do Brasil&nbsp;emitiu um alerta de ventos fortes para a faixa litor\u00e2nea que vai de&nbsp;Natal (RN)&nbsp;at\u00e9&nbsp;S\u00e3o Lu\u00eds (MA), abrangendo os estados do&nbsp;Rio Grande do Norte, Cear\u00e1, Piau\u00ed e Maranh\u00e3o. De acordo com o comunicado, a intensifica\u00e7\u00e3o dos&nbsp;ventos al\u00edsios&nbsp;poder\u00e1 provocar rajadas com dire\u00e7\u00e3o&nbsp;Sudeste a Leste&nbsp;e&nbsp;intensidade de at\u00e9 60 km\/h (33 n\u00f3s). As condi\u00e7\u00f5es adversas devem ocorrer&nbsp;entre&#8230;<\/p>\n","protected":false},"author":1,"featured_media":4281,"comment_status":"open","ping_status":"closed","sticky":false,"template":"","format":"standard","meta":{"footnotes":""},"categories":[3],"tags":[],"class_list":["post-4280","post","type-post","status-publish","format-standard","has-post-thumbnail","hentry","category-geral"],"_links":{"self":[{"href":"https:\/\/cafecommessias.com.br\/index.php?rest_route=\/wp\/v2\/posts\/4280","targetHints":{"allow":["GET"]}}],"collection":[{"href":"https:\/\/cafecommessias.com.br\/index.php?rest_route=\/wp\/v2\/posts"}],"about":[{"href":"https:\/\/cafecommessias.com.br\/index.php?rest_route=\/wp\/v2\/types\/post"}],"author":[{"embeddable":true,"href":"https:\/\/cafecommessias.com.br\/index.php?rest_route=\/wp\/v2\/users\/1"}],"replies":[{"embeddable":true,"href":"https:\/\/cafecommessias.com.br\/index.php?rest_route=%2Fwp%2Fv2%2Fcomments&post=4280"}],"version-history":[{"count":1,"href":"https:\/\/cafecommessias.com.br\/index.php?rest_route=\/wp\/v2\/posts\/4280\/revisions"}],"predecessor-version":[{"id":4282,"href":"https:\/\/cafecommessias.com.br\/index.php?rest_route=\/wp\/v2\/posts\/4280\/revisions\/4282"}],"wp:featuredmedia":[{"embeddable":true,"href":"https:\/\/cafecommessias.com.br\/index.php?rest_route=\/wp\/v2\/media\/4281"}],"wp:attachment":[{"href":"https:\/\/cafecommessias.com.br\/index.php?rest_route=%2Fwp%2Fv2%2Fmedia&parent=4280"}],"wp:term":[{"taxonomy":"category","embeddable":true,"href":"https:\/\/cafecommessias.com.br\/index.php?rest_route=%2Fwp%2Fv2%2Fcategories&post=4280"},{"taxonomy":"post_tag","embeddable":true,"href":"https:\/\/cafecommessias.com.br\/index.php?rest_route=%2Fwp%2Fv2%2Ftags&post=4280"}],"curies":[{"name":"wp","href":"https:\/\/api.w.org\/{rel}","templated":true}]}}