{"id":429,"date":"2025-07-12T20:30:44","date_gmt":"2025-07-12T23:30:44","guid":{"rendered":"http:\/\/cafecommessias.com.br\/?p=429"},"modified":"2025-07-12T20:30:59","modified_gmt":"2025-07-12T23:30:59","slug":"paulinho-freire-prestigia-alvaro-dias-em-leilao-e-reforca-lacos-de-amizade","status":"publish","type":"post","link":"https:\/\/cafecommessias.com.br\/?p=429","title":{"rendered":"Paulinho Freire prestigia \u00c1lvaro Dias em leil\u00e3o e refor\u00e7a la\u00e7os de amizade"},"content":{"rendered":"\n<p>O prefeito de Natal,&nbsp;<strong>Paulinho Freire,<\/strong>&nbsp;aceitou o convite do ex-prefeito<strong>&nbsp;\u00c1lvaro Dias<\/strong>&nbsp;para participar do tradicional Leil\u00e3o de Sant\u2019Ana, que ser\u00e1 realizado neste s\u00e1bado (12), na Ch\u00e1cara Cai\u00e7ara, em Caic\u00f3 \u2014 propriedade do pr\u00f3prio \u00c1lvaro.<\/p>\n\n\n\n<p>O evento, que marca um momento de f\u00e9 e religiosidade, re\u00fane amigos e convidados em clima de confraterniza\u00e7\u00e3o. A presen\u00e7a de Paulinho Freire refor\u00e7a os la\u00e7os de amizade e proximidade pol\u00edtica com \u00c1lvaro Dias, que \u00e9 pr\u00e9-candidato ao governo do estado.<\/p>\n\n\n\n<p>A Festa de Sant\u2019Ana, padroeira dos caicoenses, ter\u00e1 in\u00edcio oficialmente no pr\u00f3ximo dia 16 de julho, com uma programa\u00e7\u00e3o religiosa e cultural que atrai milhares de fi\u00e9is e visitantes \u00e0 cidade de Caic\u00f3.<\/p>\n\n\n\n<p>Por Robson Pires<\/p>\n","protected":false},"excerpt":{"rendered":"<p>O prefeito de Natal,&nbsp;Paulinho Freire,&nbsp;aceitou o convite do ex-prefeito&nbsp;\u00c1lvaro Dias&nbsp;para participar do tradicional Leil\u00e3o de Sant\u2019Ana, que ser\u00e1 realizado neste s\u00e1bado (12), na Ch\u00e1cara Cai\u00e7ara, em Caic\u00f3 \u2014 propriedade do pr\u00f3prio \u00c1lvaro. O evento, que marca um momento de f\u00e9 e religiosidade, re\u00fane amigos e convidados em clima de confraterniza\u00e7\u00e3o. A presen\u00e7a de Paulinho Freire&#8230;<\/p>\n","protected":false},"author":1,"featured_media":430,"comment_status":"open","ping_status":"closed","sticky":false,"template":"","format":"standard","meta":{"footnotes":""},"categories":[6],"tags":[],"class_list":["post-429","post","type-post","status-publish","format-standard","has-post-thumbnail","hentry","category-politica"],"_links":{"self":[{"href":"https:\/\/cafecommessias.com.br\/index.php?rest_route=\/wp\/v2\/posts\/429","targetHints":{"allow":["GET"]}}],"collection":[{"href":"https:\/\/cafecommessias.com.br\/index.php?rest_route=\/wp\/v2\/posts"}],"about":[{"href":"https:\/\/cafecommessias.com.br\/index.php?rest_route=\/wp\/v2\/types\/post"}],"author":[{"embeddable":true,"href":"https:\/\/cafecommessias.com.br\/index.php?rest_route=\/wp\/v2\/users\/1"}],"replies":[{"embeddable":true,"href":"https:\/\/cafecommessias.com.br\/index.php?rest_route=%2Fwp%2Fv2%2Fcomments&post=429"}],"version-history":[{"count":1,"href":"https:\/\/cafecommessias.com.br\/index.php?rest_route=\/wp\/v2\/posts\/429\/revisions"}],"predecessor-version":[{"id":431,"href":"https:\/\/cafecommessias.com.br\/index.php?rest_route=\/wp\/v2\/posts\/429\/revisions\/431"}],"wp:featuredmedia":[{"embeddable":true,"href":"https:\/\/cafecommessias.com.br\/index.php?rest_route=\/wp\/v2\/media\/430"}],"wp:attachment":[{"href":"https:\/\/cafecommessias.com.br\/index.php?rest_route=%2Fwp%2Fv2%2Fmedia&parent=429"}],"wp:term":[{"taxonomy":"category","embeddable":true,"href":"https:\/\/cafecommessias.com.br\/index.php?rest_route=%2Fwp%2Fv2%2Fcategories&post=429"},{"taxonomy":"post_tag","embeddable":true,"href":"https:\/\/cafecommessias.com.br\/index.php?rest_route=%2Fwp%2Fv2%2Ftags&post=429"}],"curies":[{"name":"wp","href":"https:\/\/api.w.org\/{rel}","templated":true}]}}