{"id":4292,"date":"2025-10-27T22:12:00","date_gmt":"2025-10-28T01:12:00","guid":{"rendered":"https:\/\/cafecommessias.com.br\/?p=4292"},"modified":"2025-10-28T12:12:53","modified_gmt":"2025-10-28T15:12:53","slug":"ex-prefeito-de-angicos-e-condenado-por-desvio","status":"publish","type":"post","link":"https:\/\/cafecommessias.com.br\/?p=4292","title":{"rendered":"Ex-prefeito de Angicos \u00e9 condenado por desvio"},"content":{"rendered":"\n<p>O Minist\u00e9rio P\u00fablico do Rio Grande do Norte (MPRN) obteve a condena\u00e7\u00e3o de quatro r\u00e9us pela pr\u00e1tica de ato de improbidade administrativa, em uma decis\u00e3o resultante da A\u00e7\u00e3o Civil de Improbidade Administrativa (Processo n. 0800454-73.2021.8.20.5111) movida ap\u00f3s a deflagra\u00e7\u00e3o das opera\u00e7\u00f5es Combust\u00e3o e Combust\u00e3o II. As informa\u00e7\u00f5es s\u00e3o do MPRN.<\/p>\n\n\n\n<p>A Justi\u00e7a potiguar condenou o ex-prefeito Deusdete Gomes de Barros, a ex-secret\u00e1ria de Sa\u00fade Nataly da Cunha Felipe de Souza e os ex-secret\u00e1rios de Transporte e Obras P\u00fablicas Francisco Ivan de Fran\u00e7a Dias e Francisco Alex Sandro da Silva \u201cB\u00e3o\u201d. Eles foram responsabilizados por enriquecimento il\u00edcito (art. 9\u00ba, XI, da Lei n. 8.429\/92).<\/p>\n\n\n\n<p>A investiga\u00e7\u00e3o apurou o abastecimento indiscriminado de ve\u00edculos particulares com uso de verba p\u00fablica da Prefeitura de Angicos durante os anos de 2017 e 2018. A apura\u00e7\u00e3o constatou a inexist\u00eancia de liquida\u00e7\u00e3o das despesas, a aus\u00eancia de indica\u00e7\u00e3o dos ve\u00edculos abastecidos e um gasto excessivo de combust\u00edvel.<\/p>\n\n\n\n<p><br>O Ju\u00edzo da Vara \u00danica de Angicos estabeleceu as san\u00e7\u00f5es de forma individualizada, em aten\u00e7\u00e3o aos princ\u00edpios da proporcionalidade e razoabilidade. A condena\u00e7\u00e3o imp\u00f4s, de forma geral, ressarcimento ao er\u00e1rio (valor a ser provado em liquida\u00e7\u00e3o), perda da fun\u00e7\u00e3o p\u00fablica (ou aposentadoria respectiva) e proibi\u00e7\u00e3o de contratar com o poder p\u00fablico pelo prazo de 10 anos.<\/p>\n\n\n\n<p><br>A senten\u00e7a determinou, ainda, o lan\u00e7amento dos nomes dos condenados no Cadastro Nacional de Condenados por Ato de Improbidade Administrativa e por Ato que implique Inelegibilidade (CNCIAI) ap\u00f3s o tr\u00e2nsito em julgado.<\/p>\n\n\n\n<p><sub>por Tribuna do Norte<\/sub><\/p>\n","protected":false},"excerpt":{"rendered":"<p>O Minist\u00e9rio P\u00fablico do Rio Grande do Norte (MPRN) obteve a condena\u00e7\u00e3o de quatro r\u00e9us pela pr\u00e1tica de ato de improbidade administrativa, em uma decis\u00e3o resultante da A\u00e7\u00e3o Civil de Improbidade Administrativa (Processo n. 0800454-73.2021.8.20.5111) movida ap\u00f3s a deflagra\u00e7\u00e3o das opera\u00e7\u00f5es Combust\u00e3o e Combust\u00e3o II. As informa\u00e7\u00f5es s\u00e3o do MPRN. A Justi\u00e7a potiguar condenou o&#8230;<\/p>\n","protected":false},"author":1,"featured_media":4293,"comment_status":"open","ping_status":"open","sticky":false,"template":"","format":"standard","meta":{"footnotes":""},"categories":[6],"tags":[],"class_list":["post-4292","post","type-post","status-publish","format-standard","has-post-thumbnail","hentry","category-politica"],"_links":{"self":[{"href":"https:\/\/cafecommessias.com.br\/index.php?rest_route=\/wp\/v2\/posts\/4292","targetHints":{"allow":["GET"]}}],"collection":[{"href":"https:\/\/cafecommessias.com.br\/index.php?rest_route=\/wp\/v2\/posts"}],"about":[{"href":"https:\/\/cafecommessias.com.br\/index.php?rest_route=\/wp\/v2\/types\/post"}],"author":[{"embeddable":true,"href":"https:\/\/cafecommessias.com.br\/index.php?rest_route=\/wp\/v2\/users\/1"}],"replies":[{"embeddable":true,"href":"https:\/\/cafecommessias.com.br\/index.php?rest_route=%2Fwp%2Fv2%2Fcomments&post=4292"}],"version-history":[{"count":1,"href":"https:\/\/cafecommessias.com.br\/index.php?rest_route=\/wp\/v2\/posts\/4292\/revisions"}],"predecessor-version":[{"id":4294,"href":"https:\/\/cafecommessias.com.br\/index.php?rest_route=\/wp\/v2\/posts\/4292\/revisions\/4294"}],"wp:featuredmedia":[{"embeddable":true,"href":"https:\/\/cafecommessias.com.br\/index.php?rest_route=\/wp\/v2\/media\/4293"}],"wp:attachment":[{"href":"https:\/\/cafecommessias.com.br\/index.php?rest_route=%2Fwp%2Fv2%2Fmedia&parent=4292"}],"wp:term":[{"taxonomy":"category","embeddable":true,"href":"https:\/\/cafecommessias.com.br\/index.php?rest_route=%2Fwp%2Fv2%2Fcategories&post=4292"},{"taxonomy":"post_tag","embeddable":true,"href":"https:\/\/cafecommessias.com.br\/index.php?rest_route=%2Fwp%2Fv2%2Ftags&post=4292"}],"curies":[{"name":"wp","href":"https:\/\/api.w.org\/{rel}","templated":true}]}}