{"id":4314,"date":"2025-10-28T14:04:52","date_gmt":"2025-10-28T17:04:52","guid":{"rendered":"https:\/\/cafecommessias.com.br\/?p=4314"},"modified":"2025-10-28T14:04:53","modified_gmt":"2025-10-28T17:04:53","slug":"operacao-contra-o-comando-vermelho-no-rio-deixa-ao-menos-20-mortos","status":"publish","type":"post","link":"https:\/\/cafecommessias.com.br\/?p=4314","title":{"rendered":"Opera\u00e7\u00e3o contra o Comando Vermelho no Rio deixa ao menos 20 mortos"},"content":{"rendered":"\n<p>S\u00e3o 18 criminosos e 2 policial; Essa foi a maior opera\u00e7\u00e3o da hist\u00f3ria do estado do Rio de Janeiro, segundo o governador<\/p>\n\n\n\n<p>A opera\u00e7\u00e3o da Pol\u00edcia Civil do Rio de Janeiro no Alem\u00e3o deixou pelo menos 18 criminosos e 2 policiais mortos. A informa\u00e7\u00e3o foi dada pelo governador do estado, Claudio Castro, durante coletiva de imprensa no fim da manh\u00e3 desta ter\u00e7a-feira (28).<\/p>\n\n\n\n<p>Castro disse, ainda, que essa foi a maior opera\u00e7\u00e3o da hist\u00f3ria do Rio de Janeiro. <\/p>\n\n\n\n<p>Foram mais de 2 mil policiais envolvidos na a\u00e7\u00e3o.<\/p>\n\n\n\n<figure class=\"wp-block-image size-large\"><img loading=\"lazy\" decoding=\"async\" width=\"1024\" height=\"576\" src=\"https:\/\/cafecommessias.com.br\/wp-content\/uploads\/2025\/10\/arremessa-bomba-rj-1024x576.webp\" alt=\"\" class=\"wp-image-4316\" srcset=\"https:\/\/cafecommessias.com.br\/wp-content\/uploads\/2025\/10\/arremessa-bomba-rj-1024x576.webp 1024w, https:\/\/cafecommessias.com.br\/wp-content\/uploads\/2025\/10\/arremessa-bomba-rj-300x169.webp 300w, https:\/\/cafecommessias.com.br\/wp-content\/uploads\/2025\/10\/arremessa-bomba-rj-768x432.webp 768w, https:\/\/cafecommessias.com.br\/wp-content\/uploads\/2025\/10\/arremessa-bomba-rj.webp 1320w\" sizes=\"auto, (max-width: 1024px) 100vw, 1024px\" \/><figcaption class=\"wp-element-caption\"><sub>Drone \u00e9 flagrado arremessando bomba em comunidade; megaopera\u00e7\u00e3o tenta prender 100 integrantes do Comando Vermelho \u2022 Reprodu\u00e7\u00e3o<\/sub><\/figcaption><\/figure>\n\n\n\n<h2 class=\"wp-block-heading\">Grande opera\u00e7\u00e3o<\/h2>\n\n\n\n<p>A Pol\u00edcia Civil e a Pol\u00edcia Militar realizam, nesta ter\u00e7a-feira (28),&nbsp;<strong>uma megaopera\u00e7\u00e3o nos complexos do Alem\u00e3o e da Penha<\/strong>, na zona Norte do Rio de Janeiro,&nbsp;<strong>com objetivo de frear avan\u00e7os territoriais do CV<\/strong>&nbsp;(Comando Vermelho)&nbsp;<strong>e prender lideran\u00e7as criminosas.&nbsp;<\/strong><\/p>\n\n\n\n<p>Imagens obtidas pela<strong>\u00a0CNN Brasil<\/strong>\u00a0mostram uma verdadeira\u00a0<strong>&#8220;zona de guerra&#8221; nas \u00e1reas onde ocorrem os confrontos.<\/strong>\u00a0<\/p>\n\n\n\n<figure class=\"wp-block-gallery has-nested-images columns-default is-cropped wp-block-gallery-1 is-layout-flex wp-block-gallery-is-layout-flex\">\n<figure class=\"wp-block-image size-large\"><img loading=\"lazy\" decoding=\"async\" width=\"1024\" height=\"686\" data-id=\"4318\" src=\"https:\/\/cafecommessias.com.br\/wp-content\/uploads\/2025\/10\/TN220251028021-1024x686.webp\" alt=\"\" class=\"wp-image-4318\" srcset=\"https:\/\/cafecommessias.com.br\/wp-content\/uploads\/2025\/10\/TN220251028021-1024x686.webp 1024w, https:\/\/cafecommessias.com.br\/wp-content\/uploads\/2025\/10\/TN220251028021-300x200.webp 300w, https:\/\/cafecommessias.com.br\/wp-content\/uploads\/2025\/10\/TN220251028021-768x514.webp 768w, https:\/\/cafecommessias.com.br\/wp-content\/uploads\/2025\/10\/TN220251028021.webp 1320w\" sizes=\"auto, (max-width: 1024px) 100vw, 1024px\" \/><\/figure>\n\n\n\n<figure class=\"wp-block-image size-large\"><img loading=\"lazy\" decoding=\"async\" width=\"1024\" height=\"683\" data-id=\"4319\" src=\"https:\/\/cafecommessias.com.br\/wp-content\/uploads\/2025\/10\/TN220251028013-1024x683.webp\" alt=\"\" class=\"wp-image-4319\" srcset=\"https:\/\/cafecommessias.com.br\/wp-content\/uploads\/2025\/10\/TN220251028013-1024x683.webp 1024w, https:\/\/cafecommessias.com.br\/wp-content\/uploads\/2025\/10\/TN220251028013-300x200.webp 300w, https:\/\/cafecommessias.com.br\/wp-content\/uploads\/2025\/10\/TN220251028013-768x512.webp 768w, https:\/\/cafecommessias.com.br\/wp-content\/uploads\/2025\/10\/TN220251028013-600x400.webp 600w, https:\/\/cafecommessias.com.br\/wp-content\/uploads\/2025\/10\/TN220251028013.webp 1320w\" sizes=\"auto, (max-width: 1024px) 100vw, 1024px\" \/><\/figure>\n<\/figure>\n\n\n\n<p>Ainda durante a opera\u00e7\u00e3o,\u00a0<strong>tr\u00eas moradores v\u00edtimas de bala perdida<\/strong>\u00a0foram socorridos ao Hospital Get\u00falio Vargas. Entre elas, uma mulher foi atingida de rasp\u00e3o enquanto estava na academia e j\u00e1 recebeu alta.<\/p>\n\n\n\n<p><sub>por CNN Brasil, no Rio de Janeiro<\/sub><\/p>\n\n\n\n<p><\/p>\n","protected":false},"excerpt":{"rendered":"<p>S\u00e3o 18 criminosos e 2 policial; Essa foi a maior opera\u00e7\u00e3o da hist\u00f3ria do estado do Rio de Janeiro, segundo o governador A opera\u00e7\u00e3o da Pol\u00edcia Civil do Rio de Janeiro no Alem\u00e3o deixou pelo menos 18 criminosos e 2 policiais mortos. A informa\u00e7\u00e3o foi dada pelo governador do estado, Claudio Castro, durante coletiva de&#8230;<\/p>\n","protected":false},"author":1,"featured_media":4315,"comment_status":"open","ping_status":"open","sticky":false,"template":"","format":"standard","meta":{"footnotes":""},"categories":[5],"tags":[],"class_list":["post-4314","post","type-post","status-publish","format-standard","has-post-thumbnail","hentry","category-policia"],"_links":{"self":[{"href":"https:\/\/cafecommessias.com.br\/index.php?rest_route=\/wp\/v2\/posts\/4314","targetHints":{"allow":["GET"]}}],"collection":[{"href":"https:\/\/cafecommessias.com.br\/index.php?rest_route=\/wp\/v2\/posts"}],"about":[{"href":"https:\/\/cafecommessias.com.br\/index.php?rest_route=\/wp\/v2\/types\/post"}],"author":[{"embeddable":true,"href":"https:\/\/cafecommessias.com.br\/index.php?rest_route=\/wp\/v2\/users\/1"}],"replies":[{"embeddable":true,"href":"https:\/\/cafecommessias.com.br\/index.php?rest_route=%2Fwp%2Fv2%2Fcomments&post=4314"}],"version-history":[{"count":1,"href":"https:\/\/cafecommessias.com.br\/index.php?rest_route=\/wp\/v2\/posts\/4314\/revisions"}],"predecessor-version":[{"id":4320,"href":"https:\/\/cafecommessias.com.br\/index.php?rest_route=\/wp\/v2\/posts\/4314\/revisions\/4320"}],"wp:featuredmedia":[{"embeddable":true,"href":"https:\/\/cafecommessias.com.br\/index.php?rest_route=\/wp\/v2\/media\/4315"}],"wp:attachment":[{"href":"https:\/\/cafecommessias.com.br\/index.php?rest_route=%2Fwp%2Fv2%2Fmedia&parent=4314"}],"wp:term":[{"taxonomy":"category","embeddable":true,"href":"https:\/\/cafecommessias.com.br\/index.php?rest_route=%2Fwp%2Fv2%2Fcategories&post=4314"},{"taxonomy":"post_tag","embeddable":true,"href":"https:\/\/cafecommessias.com.br\/index.php?rest_route=%2Fwp%2Fv2%2Ftags&post=4314"}],"curies":[{"name":"wp","href":"https:\/\/api.w.org\/{rel}","templated":true}]}}