{"id":4332,"date":"2025-10-28T18:14:09","date_gmt":"2025-10-28T21:14:09","guid":{"rendered":"https:\/\/cafecommessias.com.br\/?p=4332"},"modified":"2025-10-28T18:14:33","modified_gmt":"2025-10-28T21:14:33","slug":"megaoperacao-no-rio-um-dos-policiais-civis-mortos-por-bandidos-estava-na-corporacao-ha-40-dias-e-o-outro-foi-promovido-na-segunda","status":"publish","type":"post","link":"https:\/\/cafecommessias.com.br\/?p=4332","title":{"rendered":"Megaopera\u00e7\u00e3o no Rio: um dos policiais civis mortos por bandidos estava na corpora\u00e7\u00e3o h\u00e1 40 dias e o outro foi promovido na segunda"},"content":{"rendered":"\n<p>A opera\u00e7\u00e3o das for\u00e7as de seguran\u00e7a aos complexos do Alem\u00e3o e da Penha resultou nas mortes de dois policiais civis: Rodrigo Veloso Cabral e Marcus Vin\u00edcius Cardoso de Carvalho, conhecido como M\u00e1scara.<\/p>\n\n\n\n<p>Pelo menos 60 pessoas morreram \u2013 4 delas policiais \u2013 e 81 foram presas nesta ter\u00e7a-feira (28) em uma megaopera\u00e7\u00e3o contra o Comando Vermelho (CV) nos complexos do Alem\u00e3o e da Penha, na Zona Norte do Rio de Janeiro. Esta \u00e9 a opera\u00e7\u00e3o mais letal da hist\u00f3ria do estado, segundo n\u00fameros confirmados pelo Pal\u00e1cio Guanabara.<\/p>\n\n\n\n<p>\u201cM\u00e1scara\u201d entrou para a Pol\u00edcia Civil em junho de 1999. A sua primeira lota\u00e7\u00e3o foi a Delegacia de Repress\u00e3o a Entorpecentes (DRE), na equipe da inspetora Marina Magessi, que faleceu em 2017.<\/p>\n\n\n\n<p>Marcus Vin\u00edcius ganhou o apelido logo na chegada \u00e0 DRE. Os policiais viram nele semelhan\u00e7as com o personagem M\u00e1skara do filme estrelado pelo ator Jim Carrey.<\/p>\n\n\n\n<p>M\u00e1scara ainda integrou a equipe da 18\u00aa DP (Pra\u00e7a da Bandeira) e chefiava o Setor de Investiga\u00e7\u00f5es, da 53\u00aa DP (Mesquita).<\/p>\n\n\n\n<p>Em setembro passado, um dos seus \u00faltimos trabalhos rendeu uma opera\u00e7\u00e3o da Pol\u00edcia Civil. Investiga\u00e7\u00e3o que iniciou na 18\u00aa DP obteve um mandado de pris\u00e3o contra chefes do Comando Vermelho por roubo de ve\u00edculos nas zonas norte e central da cidade e Baixada Fluminense.<\/p>\n\n\n\n<p>Na segunda-feira (27), o policial foi promovido a comiss\u00e1rio de pol\u00edcia, o cargo m\u00e1ximo que um investigador pode atingir na institui\u00e7\u00e3o.<\/p>\n\n\n\n<p><strong>Outro agente tinha 40 dias na institui\u00e7\u00e3o<\/strong><\/p>\n\n\n\n<p>O outro policial civil morto, Rodrigo Cabral tinha menos de dois meses de pol\u00edcia.<\/p>\n\n\n\n<p>Estava lotado na 39\u00aa DP (Pavuna), delegacia respons\u00e1vel por atuar numa das \u00e1reas mais violentas do Rio: os complexos do Chapadao e da Pedreira.<\/p>\n\n\n\n<p>Al\u00e9m dos dois policiais civis, dois PMs foram mortos na opera\u00e7\u00e3o, ambos do Batalh\u00e3o de Opera\u00e7\u00f5es Especiais (Bope):<\/p>\n\n\n\n<ul class=\"wp-block-list\">\n<li>Cleiton Searafim Gon\u00e7alves<\/li>\n\n\n\n<li>Um agente por enquanto s\u00f3 identificado como Herbert<\/li>\n<\/ul>\n\n\n\n<p><em><sub>Por g1<\/sub><\/em><\/p>\n\n\n\n<p><\/p>\n","protected":false},"excerpt":{"rendered":"<p>A opera\u00e7\u00e3o das for\u00e7as de seguran\u00e7a aos complexos do Alem\u00e3o e da Penha resultou nas mortes de dois policiais civis: Rodrigo Veloso Cabral e Marcus Vin\u00edcius Cardoso de Carvalho, conhecido como M\u00e1scara. Pelo menos 60 pessoas morreram \u2013 4 delas policiais \u2013 e 81 foram presas nesta ter\u00e7a-feira (28) em uma megaopera\u00e7\u00e3o contra o Comando&#8230;<\/p>\n","protected":false},"author":1,"featured_media":4333,"comment_status":"open","ping_status":"closed","sticky":false,"template":"","format":"standard","meta":{"footnotes":""},"categories":[3],"tags":[],"class_list":["post-4332","post","type-post","status-publish","format-standard","has-post-thumbnail","hentry","category-geral"],"_links":{"self":[{"href":"https:\/\/cafecommessias.com.br\/index.php?rest_route=\/wp\/v2\/posts\/4332","targetHints":{"allow":["GET"]}}],"collection":[{"href":"https:\/\/cafecommessias.com.br\/index.php?rest_route=\/wp\/v2\/posts"}],"about":[{"href":"https:\/\/cafecommessias.com.br\/index.php?rest_route=\/wp\/v2\/types\/post"}],"author":[{"embeddable":true,"href":"https:\/\/cafecommessias.com.br\/index.php?rest_route=\/wp\/v2\/users\/1"}],"replies":[{"embeddable":true,"href":"https:\/\/cafecommessias.com.br\/index.php?rest_route=%2Fwp%2Fv2%2Fcomments&post=4332"}],"version-history":[{"count":1,"href":"https:\/\/cafecommessias.com.br\/index.php?rest_route=\/wp\/v2\/posts\/4332\/revisions"}],"predecessor-version":[{"id":4334,"href":"https:\/\/cafecommessias.com.br\/index.php?rest_route=\/wp\/v2\/posts\/4332\/revisions\/4334"}],"wp:featuredmedia":[{"embeddable":true,"href":"https:\/\/cafecommessias.com.br\/index.php?rest_route=\/wp\/v2\/media\/4333"}],"wp:attachment":[{"href":"https:\/\/cafecommessias.com.br\/index.php?rest_route=%2Fwp%2Fv2%2Fmedia&parent=4332"}],"wp:term":[{"taxonomy":"category","embeddable":true,"href":"https:\/\/cafecommessias.com.br\/index.php?rest_route=%2Fwp%2Fv2%2Fcategories&post=4332"},{"taxonomy":"post_tag","embeddable":true,"href":"https:\/\/cafecommessias.com.br\/index.php?rest_route=%2Fwp%2Fv2%2Ftags&post=4332"}],"curies":[{"name":"wp","href":"https:\/\/api.w.org\/{rel}","templated":true}]}}