{"id":4335,"date":"2025-10-28T18:17:06","date_gmt":"2025-10-28T21:17:06","guid":{"rendered":"https:\/\/cafecommessias.com.br\/?p=4335"},"modified":"2025-10-28T18:18:05","modified_gmt":"2025-10-28T21:18:05","slug":"apos-governador-do-rj-dizer-que-esta-sozinho-no-combate-ao-crime-organizado-ministerio-da-justica-afirma-que-coopera-por-meio-da-forca-nacional","status":"publish","type":"post","link":"https:\/\/cafecommessias.com.br\/?p=4335","title":{"rendered":"Ap\u00f3s governador do RJ dizer que est\u00e1 \u201csozinho\u201d no combate ao crime organizado, Minist\u00e9rio da Justi\u00e7a afirma que coopera por meio da For\u00e7a Nacional"},"content":{"rendered":"\n<p>O MJSP (Minist\u00e9rio da Justi\u00e7a e Seguran\u00e7a P\u00fablica) divulgou uma nota nesta ter\u00e7a-feira (28) ap\u00f3s a megaopera\u00e7\u00e3o das for\u00e7as de seguran\u00e7a do Rio de Janeiro no Complexo do Alem\u00e3o, que deixou ao menos 64 mortos, entre eles, 60 suspeitos, quatro policiais (dois civis e dois do Bope) e 81 presos. Segundo o governo estadual,&nbsp;trata-se da maior opera\u00e7\u00e3o da hist\u00f3ria do estado.<\/p>\n\n\n\n<p>Na manifesta\u00e7\u00e3o, o minist\u00e9rio afirmou que \u201cmant\u00e9m atua\u00e7\u00e3o no Estado desde outubro de 2023, por meio da For\u00e7a Nacional de Seguran\u00e7a P\u00fablica\u201d, em coopera\u00e7\u00e3o com o governo fluminense. A presen\u00e7a da For\u00e7a Nacional foi autorizada pela Portaria n\u00ba 766, de dezembro de 2023, e est\u00e1 vigente at\u00e9 dezembro de 2025, com possibilidade de renova\u00e7\u00e3o.<\/p>\n\n\n\n<p>Mais cedo, o governador do RJ, Cl\u00e1udio Castro afirmou que o estado est\u00e1 \u2018sozinho na guerra\u2019 contra o crime organizado e cobrou publicamente apoio das For\u00e7as Armadas. \u201c\u00c9&nbsp;uma guerra que est\u00e1 passando dos limites de onde o Estado deveria estar sozinho defendendo\u2019, disse Castro.<\/p>\n\n\n\n<p>O MJSP ressaltou que tem atendido a todos os pedidos feitos pelo governo do Rio para o emprego da For\u00e7a Nacional em apoio aos \u00f3rg\u00e3os de seguran\u00e7a federal e estadual. Desde 2023, foram 11 solicita\u00e7\u00f5es de renova\u00e7\u00e3o da atua\u00e7\u00e3o da tropa, todas acatadas.<\/p>\n\n\n\n<p>A nota tamb\u00e9m destacou resultados obtidos pela PF (Pol\u00edcia Federal) no estado. Apenas em 2025, foram realizadas 178 opera\u00e7\u00f5es, das quais 24 relacionadas ao tr\u00e1fico de drogas e armas. Ao todo, 210 pessoas foram presas, e 10 toneladas de entorpecentes e 190 armas de fogo foram apreendidas, incluindo 17 fuzis.<\/p>\n\n\n\n<p>O Minist\u00e9rio da Justi\u00e7a tamb\u00e9m informou que o Rio de Janeiro recebeu recursos significativos para a seguran\u00e7a p\u00fablica e o sistema penitenci\u00e1rio. Entre 2016 e 2024, o estado teve acesso a mais de R$ 143 milh\u00f5es do Funpen (Fundo Penitenci\u00e1rio Nacional), dos quais cerca de R$ 39 milh\u00f5es foram utilizados. Pelo FNSP (Fundo Nacional de Seguran\u00e7a P\u00fablica), o repasse total chegou a R$ 331 milh\u00f5es, com R$ 174 milh\u00f5es ainda dispon\u00edveis.<\/p>\n\n\n\n<p><em><sub>Por CNN Brasil<\/sub><\/em><\/p>\n\n\n\n<p><\/p>\n","protected":false},"excerpt":{"rendered":"<p>O MJSP (Minist\u00e9rio da Justi\u00e7a e Seguran\u00e7a P\u00fablica) divulgou uma nota nesta ter\u00e7a-feira (28) ap\u00f3s a megaopera\u00e7\u00e3o das for\u00e7as de seguran\u00e7a do Rio de Janeiro no Complexo do Alem\u00e3o, que deixou ao menos 64 mortos, entre eles, 60 suspeitos, quatro policiais (dois civis e dois do Bope) e 81 presos. Segundo o governo estadual,&nbsp;trata-se da&#8230;<\/p>\n","protected":false},"author":1,"featured_media":4336,"comment_status":"open","ping_status":"closed","sticky":false,"template":"","format":"standard","meta":{"footnotes":""},"categories":[3],"tags":[],"class_list":["post-4335","post","type-post","status-publish","format-standard","has-post-thumbnail","hentry","category-geral"],"_links":{"self":[{"href":"https:\/\/cafecommessias.com.br\/index.php?rest_route=\/wp\/v2\/posts\/4335","targetHints":{"allow":["GET"]}}],"collection":[{"href":"https:\/\/cafecommessias.com.br\/index.php?rest_route=\/wp\/v2\/posts"}],"about":[{"href":"https:\/\/cafecommessias.com.br\/index.php?rest_route=\/wp\/v2\/types\/post"}],"author":[{"embeddable":true,"href":"https:\/\/cafecommessias.com.br\/index.php?rest_route=\/wp\/v2\/users\/1"}],"replies":[{"embeddable":true,"href":"https:\/\/cafecommessias.com.br\/index.php?rest_route=%2Fwp%2Fv2%2Fcomments&post=4335"}],"version-history":[{"count":1,"href":"https:\/\/cafecommessias.com.br\/index.php?rest_route=\/wp\/v2\/posts\/4335\/revisions"}],"predecessor-version":[{"id":4337,"href":"https:\/\/cafecommessias.com.br\/index.php?rest_route=\/wp\/v2\/posts\/4335\/revisions\/4337"}],"wp:featuredmedia":[{"embeddable":true,"href":"https:\/\/cafecommessias.com.br\/index.php?rest_route=\/wp\/v2\/media\/4336"}],"wp:attachment":[{"href":"https:\/\/cafecommessias.com.br\/index.php?rest_route=%2Fwp%2Fv2%2Fmedia&parent=4335"}],"wp:term":[{"taxonomy":"category","embeddable":true,"href":"https:\/\/cafecommessias.com.br\/index.php?rest_route=%2Fwp%2Fv2%2Fcategories&post=4335"},{"taxonomy":"post_tag","embeddable":true,"href":"https:\/\/cafecommessias.com.br\/index.php?rest_route=%2Fwp%2Fv2%2Ftags&post=4335"}],"curies":[{"name":"wp","href":"https:\/\/api.w.org\/{rel}","templated":true}]}}