{"id":435,"date":"2025-07-12T20:38:49","date_gmt":"2025-07-12T23:38:49","guid":{"rendered":"http:\/\/cafecommessias.com.br\/?p=435"},"modified":"2025-07-12T20:39:05","modified_gmt":"2025-07-12T23:39:05","slug":"natal-e-destaque-no-nordeste-em-relacao-a-qualidade-de-vida","status":"publish","type":"post","link":"https:\/\/cafecommessias.com.br\/?p=435","title":{"rendered":"Natal \u00e9 destaque no Nordeste em rela\u00e7\u00e3o \u00e0 qualidade de vida"},"content":{"rendered":"\n<p>Natal alcan\u00e7ou nota 65,63 no \u00cdndice de Progresso Social (IPS Brasil 2025), que mede 57 indicadores de 5.557 munic\u00edpios brasileiros, ficando em quarto lugar (mesma posi\u00e7\u00e3o do ano passado) entre as capitais do Nordeste com melhor qualidade de vida, atr\u00e1s de Jo\u00e3o Pessoa (67,00), Teresina (65,76) e Aracaju (65,73) e na oitava posi\u00e7\u00e3o entre todos os munic\u00edpios da regi\u00e3o. J\u00e1 no ranking nacional de capitais \u2013 que inclui Bras\u00edlia \u2013 Natal ficou em 15\u00ba lugar, o que representa uma melhora em rela\u00e7\u00e3o ao ano passado, quando foi registrada nota 64,45 e a cidade ocupou a 17\u00aa posi\u00e7\u00e3o.<\/p>\n\n\n\n<figure class=\"wp-block-image size-large\"><img loading=\"lazy\" decoding=\"async\" width=\"1024\" height=\"158\" src=\"http:\/\/cafecommessias.com.br\/wp-content\/uploads\/2025\/07\/Lixo-nas-Ruas_1300x200-5-1024x158.png\" alt=\"\" class=\"wp-image-231\" srcset=\"https:\/\/cafecommessias.com.br\/wp-content\/uploads\/2025\/07\/Lixo-nas-Ruas_1300x200-5-1024x158.png 1024w, https:\/\/cafecommessias.com.br\/wp-content\/uploads\/2025\/07\/Lixo-nas-Ruas_1300x200-5-300x46.png 300w, https:\/\/cafecommessias.com.br\/wp-content\/uploads\/2025\/07\/Lixo-nas-Ruas_1300x200-5-768x118.png 768w, https:\/\/cafecommessias.com.br\/wp-content\/uploads\/2025\/07\/Lixo-nas-Ruas_1300x200-5.png 1300w\" sizes=\"auto, (max-width: 1024px) 100vw, 1024px\" \/><\/figure>\n\n\n\n<p>Analisando o recorte de todos os munic\u00edpios do Nordeste, Natal ficou atr\u00e1s de Campina Grande (PB), que teve nota 67,78; Jo\u00e3o Pessoa; Santana do Serid\u00f3 e Riacho da Cruz \u2013 os dois melhores desempenhos do RN, com notas 66,67 e 66,13, respectivamente; Teresina (PI), que teve nota 65,76; al\u00e9m de Aracaju (SE) e S\u00e3o Francisco (SE), com nota 65,73 cada um. De acordo com o \u00edndice, portanto, a capital potiguar ficou na terceira posi\u00e7\u00e3o entre os 167 munic\u00edpios do Rio Grande do Norte.<\/p>\n\n\n\n<p><br>O IPS Brasil 2025 \u00e9 formulado com base em indicadores divididos em tr\u00eas dimens\u00f5es: Necessidades Humanas B\u00e1sicas; Fundamentos do Bem-Estar; e Oportunidades. Essas dimens\u00f5es s\u00e3o compostas por 12 componentes, dentre eles, nutri\u00e7\u00e3o e cuidados m\u00e9dicos b\u00e1sicos, \u00e1gua e saneamento, moradia, seguran\u00e7a pessoal, acesso ao conhecimento b\u00e1sico, sa\u00fade e bem-estar; qualidade do meio ambiente; direitos individuais, inclus\u00e3o social e acesso \u00e0 Educa\u00e7\u00e3o Superior. O \u00edndice varia de 0 (pior) a 100 (melhor) e corresponde \u00e0 m\u00e9dia simples dos resultados do IPS das tr\u00eas dimens\u00f5es.<\/p>\n\n\n\n<p><br>A nota de cada dimens\u00e3o, por sua vez, \u00e9 a m\u00e9dia simples dos resultados de cada componente. Os resultados desses componentes s\u00e3o gerados a partir de pesos obtidos entre os indicadores, cujas informa\u00e7\u00f5es (baseadas em dados recentes, de no m\u00e1ximo 5 anos) prov\u00eam de fontes oficiais e institutos de pesquisa, como DataSUS, Sisvan\/Minist\u00e9rio da Sa\u00fade, Minist\u00e9rio da Cidadania, Sistema Nacional de Informa\u00e7\u00f5es sobre o Saneamento, Inep, Inpe, CNJ, IBGE, Mapbiomas, Anatel, Cad\u00danico, entre outros.<\/p>\n\n\n\n<p><br>Os indicadores onde a capital potiguar apresentou o melhor desempenho s\u00e3o densidade de telefonia m\u00f3vel, focos de calor, acesso a programas de Direitos Humanos, exist\u00eancia de a\u00e7\u00f5es para Direitos de Minorias, acesso \u00e0 cultura, lazer e esporte, empregados com Ensino Superior, mulheres empregadas com Ensino Superior e nota mediana do Enem. N\u00e3o s\u00e3o atribu\u00eddas notas aos indicadores, apenas uma classifica\u00e7\u00e3o \u2013 neste caso, foram considerados \u201crelativamente fortes\u201d.<\/p>\n\n\n\n<p><br>J\u00e1 entre os componentes com a mesma classifica\u00e7\u00e3o (relativamente fortes), o desempenho foi o seguinte: acesso \u00e0 informa\u00e7\u00e3o e comunica\u00e7\u00e3o (com nota 75,44), acesso \u00e0 Educa\u00e7\u00e3o Superior (nota 75,05), qualidade do meio ambiente (com nota 67,27) e direitos individuais (nota 53,13). As dimens\u00f5es Necessidades Humanas B\u00e1sicas (com nota 73,64) e Fundamentos do Bem-Estar (nota 65,43) receberam a classifica\u00e7\u00e3o \u201crelativamente neutro\u201d. A dimens\u00e3o Oportunidades teve nota 57,82 e foi classificada como \u201crelativamente forte\u201d, por ter todos os indicadores com desempenho forte ou neutro.<\/p>\n\n\n\n<p><br>No ranking por estados, criado a partir das notas dos munic\u00edpios de cada federa\u00e7\u00e3o (somam-se as notas e extrai-se a m\u00e9dia), o Rio Grande do Norte ficou em 13\u00ba lugar, com nota 60,04. O IPS \u00e9 desenvolvido por meio de uma parceria entre o Imazon, Funda\u00e7\u00e3o Avina, iniciativa Amaz\u00f4nia 2030, Anatt\u00e1, Centro de Empreendedorismo da Amaz\u00f4nia e Social Progress Imperative.<\/p>\n\n\n\n<p><strong>Indicadores com baixo desempenho<\/strong><\/p>\n\n\n\n<p>Entre os indicadores onde a capital potiguar mais deixou a desejar, de acordo com o \u00edndice, est\u00e3o a cobertura vacinal contra a poliomielite, domic\u00edlios com ilumina\u00e7\u00e3o el\u00e9trica adequada, domic\u00edlios com piso adequado e assassinatos de jovens. Eles receberam a classifica\u00e7\u00e3o \u201crelativamente fraco\u201d. A reportagem procurou a Prefeitura do Natal para comentar os resultados.<\/p>\n\n\n\n<p><br>Sobre a cobertura vacinal, o Munic\u00edpio informou que a Secretaria de Sa\u00fade da capital tem implementado a\u00e7\u00f5es como a disponibilidade do imunizante contra a polio em todas as UBSs, campanhas de vacina\u00e7\u00e3o em massa e a\u00e7\u00f5es educativas em escolas e associa\u00e7\u00f5es de bairros. \u201cTamb\u00e9m \u00e9 feita a busca ativa, pelos agentes de sa\u00fade, de crian\u00e7as que est\u00e3o com a vacina\u00e7\u00e3o atrasada\u201d, disse a Prefeitura.<\/p>\n\n\n\n<p><br>Sobre os domic\u00edlios com ilumina\u00e7\u00e3o adequada, segundo o Munic\u00edpio, n\u00e3o h\u00e1 pastas respons\u00e1veis por implantar instala\u00e7\u00f5es el\u00e9tricas em domic\u00edlios privados, mas a Seharpe (pasta de Habita\u00e7\u00e3o) tem instalado \u201cfia\u00e7\u00f5es de qualidade\u201d nas unidades habitacionais disponibilizadas \u00e0 popula\u00e7\u00e3o pela Secretaria. Em rela\u00e7\u00e3o aos domic\u00edlios com piso adequado, a Seharpe \u201cvem promovendo a\u00e7\u00f5es para garantir moradia digna \u00e0 popula\u00e7\u00e3o, com a inclus\u00e3o, no ano passado, de 4,8 mil fam\u00edlias em programas de interesse social, al\u00e9m de 60 outras fam\u00edlias beneficiadas com moradias em \u00e1reas de interesse social\u201d, segundo o Munic\u00edpio.<\/p>\n\n\n\n<p><br>\u201cPor fim, 29 unidades habitacionais foram constru\u00eddas para fam\u00edlias que estavam em \u00e1reas de risco. Todos os empreendimentos sob responsabilidade da Seharpe possuem estruturas adequadas, principalmente nos pisos\u201d, disse a Prefeitura. Sobre os assassinatos de jovens, segundo o Munic\u00edpio, a Secretaria Municipal de Seguran\u00e7a P\u00fablica atua por meio de projetos sociais que atendem, em m\u00e9dia, 200 crian\u00e7as e adolescentes, com a\u00e7\u00f5es que reduzem a viol\u00eancia contra negros por meio de palestras socioeducativas, aulas de refor\u00e7o, entre outras a\u00e7\u00f5es.<\/p>\n\n\n\n<p><br>\u201cA Secretaria de Mulheres atua na preven\u00e7\u00e3o da viol\u00eancia, com a realiza\u00e7\u00e3o, em 2024, do projeto \u2018Aprova Natal\u2019, direcionado aos jovens para ingresso no ensino superior. Em 2025 e anos seguintes continuaremos investindo em projetos assim\u201d, falou a Prefeitura. A reportagem procurou a Secretaria de Seguran\u00e7a do Estado, mas n\u00e3o obteve retorno at\u00e9 o fechamento desta edi\u00e7\u00e3o.<\/p>\n\n\n\n<p><br>Os demais indicadores onde a capital n\u00e3o teve bom desempenho foram: abandono no ensino fundamental, distor\u00e7\u00e3o idade-s\u00e9rie no Ensino M\u00e9dio e reprova\u00e7\u00e3o escolar no Ensino M\u00e9dio. A Prefeitura explicou que a Secretaria de Educa\u00e7\u00e3o de Natal oferece o programa Tributo \u00e0 Crian\u00e7a, que exige a frequ\u00eancia do aluno em sala de aula para o pagamento de um benef\u00edcio em dinheiro como forma de evitar o abandono.<br>Sobre as lacunas no Ensino M\u00e9dio, a Secretaria de Educa\u00e7\u00e3o do Estado, respons\u00e1vel por essa fase do ensino b\u00e1sico, disse que elas \u201cest\u00e3o entre as prioridades da pol\u00edtica educacional, com medidas estruturantes em andamento, como a amplia\u00e7\u00e3o do programa Escola em Tempo Integral, busca ativa escolar em parceria com os munic\u00edpios, programas de recomposi\u00e7\u00e3o de aprendizagem e investimentos cont\u00ednuos na forma\u00e7\u00e3o de professores e equipes pedag\u00f3gicas\u201d.<\/p>\n\n\n\n<p><br>O \u00faltimo indicador em que a capital teve desempenho fraco foi o de fam\u00edlias em situa\u00e7\u00e3o de rua. A Prefeitura respondeu que a essa popula\u00e7\u00e3o \u00e9 feito atendimento pela Secretaria de Sa\u00fade por meio do programa Consult\u00f3rio na Rua.<\/p>\n\n\n\n<p><sub>Por TN<\/sub><\/p>\n","protected":false},"excerpt":{"rendered":"<p>Natal alcan\u00e7ou nota 65,63 no \u00cdndice de Progresso Social (IPS Brasil 2025), que mede 57 indicadores de 5.557 munic\u00edpios brasileiros, ficando em quarto lugar (mesma posi\u00e7\u00e3o do ano passado) entre as capitais do Nordeste com melhor qualidade de vida, atr\u00e1s de Jo\u00e3o Pessoa (67,00), Teresina (65,76) e Aracaju (65,73) e na oitava posi\u00e7\u00e3o entre todos&#8230;<\/p>\n","protected":false},"author":1,"featured_media":437,"comment_status":"open","ping_status":"closed","sticky":false,"template":"","format":"standard","meta":{"footnotes":""},"categories":[3],"tags":[],"class_list":["post-435","post","type-post","status-publish","format-standard","has-post-thumbnail","hentry","category-geral"],"_links":{"self":[{"href":"https:\/\/cafecommessias.com.br\/index.php?rest_route=\/wp\/v2\/posts\/435","targetHints":{"allow":["GET"]}}],"collection":[{"href":"https:\/\/cafecommessias.com.br\/index.php?rest_route=\/wp\/v2\/posts"}],"about":[{"href":"https:\/\/cafecommessias.com.br\/index.php?rest_route=\/wp\/v2\/types\/post"}],"author":[{"embeddable":true,"href":"https:\/\/cafecommessias.com.br\/index.php?rest_route=\/wp\/v2\/users\/1"}],"replies":[{"embeddable":true,"href":"https:\/\/cafecommessias.com.br\/index.php?rest_route=%2Fwp%2Fv2%2Fcomments&post=435"}],"version-history":[{"count":1,"href":"https:\/\/cafecommessias.com.br\/index.php?rest_route=\/wp\/v2\/posts\/435\/revisions"}],"predecessor-version":[{"id":438,"href":"https:\/\/cafecommessias.com.br\/index.php?rest_route=\/wp\/v2\/posts\/435\/revisions\/438"}],"wp:featuredmedia":[{"embeddable":true,"href":"https:\/\/cafecommessias.com.br\/index.php?rest_route=\/wp\/v2\/media\/437"}],"wp:attachment":[{"href":"https:\/\/cafecommessias.com.br\/index.php?rest_route=%2Fwp%2Fv2%2Fmedia&parent=435"}],"wp:term":[{"taxonomy":"category","embeddable":true,"href":"https:\/\/cafecommessias.com.br\/index.php?rest_route=%2Fwp%2Fv2%2Fcategories&post=435"},{"taxonomy":"post_tag","embeddable":true,"href":"https:\/\/cafecommessias.com.br\/index.php?rest_route=%2Fwp%2Fv2%2Ftags&post=435"}],"curies":[{"name":"wp","href":"https:\/\/api.w.org\/{rel}","templated":true}]}}