{"id":4361,"date":"2025-10-29T06:39:26","date_gmt":"2025-10-29T09:39:26","guid":{"rendered":"https:\/\/cafecommessias.com.br\/?p=4361"},"modified":"2025-10-29T06:39:45","modified_gmt":"2025-10-29T09:39:45","slug":"policia-civil-do-rio-promete-resposta-a-altura-apos-morte-de-quatro-agentes-em-operacao","status":"publish","type":"post","link":"https:\/\/cafecommessias.com.br\/?p=4361","title":{"rendered":"Pol\u00edcia Civil do Rio promete resposta \u201c\u00e0 altura\u201d ap\u00f3s morte de quatro agentes em opera\u00e7\u00e3o"},"content":{"rendered":"\n<p>A Pol\u00edcia Civil do Rio de Janeiro divulgou, na noite desta ter\u00e7a-feira (28), uma nota oficial em tom de retalia\u00e7\u00e3o ap\u00f3s a morte de quatro agentes durante a megaopera\u00e7\u00e3o contra o Comando Vermelho (CV) nos complexos do Alem\u00e3o e da Penha, na Zona Norte da capital. No comunicado, a corpora\u00e7\u00e3o lamentou as perdas, se solidarizou com familiares e amigos das v\u00edtimas e classificou como \u201ccovardes\u201d os ataques sofridos. A informa\u00e7\u00e3o \u00e9 da coluna da Mirelle Pinheiro, do Metr\u00f3poles.<\/p>\n\n\n\n<p>\u201cA resposta est\u00e1 vindo, e \u00e0 altura\u201d, diz um trecho da nota publicada nas redes sociais da institui\u00e7\u00e3o. A mensagem faz refer\u00eancia \u00e0 Megaopera\u00e7\u00e3o Conten\u00e7\u00e3o, que mobilizou cerca de 2,5 mil policiais civis e militares com o objetivo de prender lideran\u00e7as do CV e conter o avan\u00e7o territorial da fac\u00e7\u00e3o em \u00e1reas estrat\u00e9gicas do estado.<\/p>\n\n\n\n<p>Entre os mortos est\u00e3o os policiais civis Marcos Vinicius Cardoso Carvalho, de 51 anos, conhecido como M\u00e1skara, e Rodrigo Velloso Cabral, de 34. Tamb\u00e9m perderam a vida dois agentes do Bope: Cleiton Serafim Gon\u00e7alves, de 42 anos, e Herbert Carvalho da Fonseca, de 39. Eles foram atingidos em diferentes pontos dos complexos durante intensos confrontos com criminosos.<\/p>\n\n\n\n<p>A opera\u00e7\u00e3o, que se estendeu da madrugada at\u00e9 o fim da manh\u00e3, \u00e9 considerada a mais letal da hist\u00f3ria do estado. Moradores relataram tiroteios cont\u00ednuos, barricadas em chamas e ataques com drones que lan\u00e7aram explosivos contra equipes da Coordenadoria de Recursos Especiais (Core). At\u00e9 o \u00faltimo balan\u00e7o, 81 pessoas haviam sido presas, e o material apreendido deve auxiliar nas investiga\u00e7\u00f5es sobre as a\u00e7\u00f5es do Comando Vermelho.<\/p>\n\n\n\n<p><em><sub>Por Metr\u00f3poles<\/sub><\/em><\/p>\n\n\n\n<p><\/p>\n","protected":false},"excerpt":{"rendered":"<p>A Pol\u00edcia Civil do Rio de Janeiro divulgou, na noite desta ter\u00e7a-feira (28), uma nota oficial em tom de retalia\u00e7\u00e3o ap\u00f3s a morte de quatro agentes durante a megaopera\u00e7\u00e3o contra o Comando Vermelho (CV) nos complexos do Alem\u00e3o e da Penha, na Zona Norte da capital. No comunicado, a corpora\u00e7\u00e3o lamentou as perdas, se solidarizou&#8230;<\/p>\n","protected":false},"author":1,"featured_media":4362,"comment_status":"open","ping_status":"closed","sticky":false,"template":"","format":"standard","meta":{"footnotes":""},"categories":[3],"tags":[],"class_list":["post-4361","post","type-post","status-publish","format-standard","has-post-thumbnail","hentry","category-geral"],"_links":{"self":[{"href":"https:\/\/cafecommessias.com.br\/index.php?rest_route=\/wp\/v2\/posts\/4361","targetHints":{"allow":["GET"]}}],"collection":[{"href":"https:\/\/cafecommessias.com.br\/index.php?rest_route=\/wp\/v2\/posts"}],"about":[{"href":"https:\/\/cafecommessias.com.br\/index.php?rest_route=\/wp\/v2\/types\/post"}],"author":[{"embeddable":true,"href":"https:\/\/cafecommessias.com.br\/index.php?rest_route=\/wp\/v2\/users\/1"}],"replies":[{"embeddable":true,"href":"https:\/\/cafecommessias.com.br\/index.php?rest_route=%2Fwp%2Fv2%2Fcomments&post=4361"}],"version-history":[{"count":1,"href":"https:\/\/cafecommessias.com.br\/index.php?rest_route=\/wp\/v2\/posts\/4361\/revisions"}],"predecessor-version":[{"id":4363,"href":"https:\/\/cafecommessias.com.br\/index.php?rest_route=\/wp\/v2\/posts\/4361\/revisions\/4363"}],"wp:featuredmedia":[{"embeddable":true,"href":"https:\/\/cafecommessias.com.br\/index.php?rest_route=\/wp\/v2\/media\/4362"}],"wp:attachment":[{"href":"https:\/\/cafecommessias.com.br\/index.php?rest_route=%2Fwp%2Fv2%2Fmedia&parent=4361"}],"wp:term":[{"taxonomy":"category","embeddable":true,"href":"https:\/\/cafecommessias.com.br\/index.php?rest_route=%2Fwp%2Fv2%2Fcategories&post=4361"},{"taxonomy":"post_tag","embeddable":true,"href":"https:\/\/cafecommessias.com.br\/index.php?rest_route=%2Fwp%2Fv2%2Ftags&post=4361"}],"curies":[{"name":"wp","href":"https:\/\/api.w.org\/{rel}","templated":true}]}}