{"id":4364,"date":"2025-10-29T06:44:35","date_gmt":"2025-10-29T09:44:35","guid":{"rendered":"https:\/\/cafecommessias.com.br\/?p=4364"},"modified":"2025-10-29T06:45:01","modified_gmt":"2025-10-29T09:45:01","slug":"oficios-revelam-que-governo-federal-negou-pedidos-de-apoio-ao-rio-de-janeiro","status":"publish","type":"post","link":"https:\/\/cafecommessias.com.br\/?p=4364","title":{"rendered":"Of\u00edcios revelam que governo federal negou pedidos de apoio ao Rio de Janeiro"},"content":{"rendered":"\n<p>Documentos oficiais confirmam que o Governo do Rio de Janeiro solicitou apoio das For\u00e7as Armadas em janeiro de 2025, pedindo ve\u00edculos blindados e suporte t\u00e9cnico da Marinha para opera\u00e7\u00f5es policiais em \u00e1reas de risco. Os of\u00edcios foram encaminhados ao Minist\u00e9rio da Defesa, com o objetivo de refor\u00e7ar a atua\u00e7\u00e3o das for\u00e7as estaduais em comunidades dominadas por fac\u00e7\u00f5es criminosas.<\/p>\n\n\n\n<p>Ap\u00f3s a opera\u00e7\u00e3o mais letal da hist\u00f3ria do estado, que deixou ao menos 60 mortos nos complexos do Alem\u00e3o e da Penha, o governador Cl\u00e1udio Castro (PL) afirmou que o governo federal recusou tr\u00eas pedidos de ajuda. Segundo ele, as negativas indicam uma decis\u00e3o pol\u00edtica de n\u00e3o colaborar com o Rio em a\u00e7\u00f5es de seguran\u00e7a p\u00fablica.<\/p>\n\n\n\n<p>Um dos documentos, datado de 29 de janeiro, pedia o envio de blindados, operadores e mec\u00e2nicos da Marinha, que ficariam de prontid\u00e3o na Cidade da Pol\u00edcia. O Minist\u00e9rio da Defesa confirmou o recebimento da solicita\u00e7\u00e3o e explicou que, por orienta\u00e7\u00e3o da Advocacia-Geral da Uni\u00e3o, o apoio s\u00f3 seria poss\u00edvel com a decreta\u00e7\u00e3o de Garantia da Lei e da Ordem (GLO), que depende de autoriza\u00e7\u00e3o do presidente da Rep\u00fablica.<\/p>\n\n\n\n<figure class=\"wp-block-image size-large\"><img loading=\"lazy\" decoding=\"async\" width=\"1024\" height=\"686\" src=\"https:\/\/cafecommessias.com.br\/wp-content\/uploads\/2025\/10\/doc-2-1024x686.png\" alt=\"\" class=\"wp-image-4365\" srcset=\"https:\/\/cafecommessias.com.br\/wp-content\/uploads\/2025\/10\/doc-2-1024x686.png 1024w, https:\/\/cafecommessias.com.br\/wp-content\/uploads\/2025\/10\/doc-2-300x200.png 300w, https:\/\/cafecommessias.com.br\/wp-content\/uploads\/2025\/10\/doc-2-768x515.png 768w, https:\/\/cafecommessias.com.br\/wp-content\/uploads\/2025\/10\/doc-2.png 1186w\" sizes=\"auto, (max-width: 1024px) 100vw, 1024px\" \/><\/figure>\n\n\n\n<p>Durante coletiva, Castro afirmou que o estado est\u00e1 \u201csozinho\u201d no combate ao crime e defendeu a necessidade de refor\u00e7o federal. O governador destacou que as for\u00e7as de seguran\u00e7a enfrentam fac\u00e7\u00f5es com drones, explosivos e armamento pesado, o que, segundo ele, torna o apoio da Uni\u00e3o indispens\u00e1vel para conter a viol\u00eancia nas comunidades.<\/p>\n\n\n\n<p><sub>Com informa\u00e7\u00f5es do Pleno News<\/sub><\/p>\n","protected":false},"excerpt":{"rendered":"<p>Documentos oficiais confirmam que o Governo do Rio de Janeiro solicitou apoio das For\u00e7as Armadas em janeiro de 2025, pedindo ve\u00edculos blindados e suporte t\u00e9cnico da Marinha para opera\u00e7\u00f5es policiais em \u00e1reas de risco. Os of\u00edcios foram encaminhados ao Minist\u00e9rio da Defesa, com o objetivo de refor\u00e7ar a atua\u00e7\u00e3o das for\u00e7as estaduais em comunidades dominadas&#8230;<\/p>\n","protected":false},"author":1,"featured_media":4366,"comment_status":"open","ping_status":"closed","sticky":false,"template":"","format":"standard","meta":{"footnotes":""},"categories":[37],"tags":[],"class_list":["post-4364","post","type-post","status-publish","format-standard","has-post-thumbnail","hentry","category-brasil"],"_links":{"self":[{"href":"https:\/\/cafecommessias.com.br\/index.php?rest_route=\/wp\/v2\/posts\/4364","targetHints":{"allow":["GET"]}}],"collection":[{"href":"https:\/\/cafecommessias.com.br\/index.php?rest_route=\/wp\/v2\/posts"}],"about":[{"href":"https:\/\/cafecommessias.com.br\/index.php?rest_route=\/wp\/v2\/types\/post"}],"author":[{"embeddable":true,"href":"https:\/\/cafecommessias.com.br\/index.php?rest_route=\/wp\/v2\/users\/1"}],"replies":[{"embeddable":true,"href":"https:\/\/cafecommessias.com.br\/index.php?rest_route=%2Fwp%2Fv2%2Fcomments&post=4364"}],"version-history":[{"count":1,"href":"https:\/\/cafecommessias.com.br\/index.php?rest_route=\/wp\/v2\/posts\/4364\/revisions"}],"predecessor-version":[{"id":4367,"href":"https:\/\/cafecommessias.com.br\/index.php?rest_route=\/wp\/v2\/posts\/4364\/revisions\/4367"}],"wp:featuredmedia":[{"embeddable":true,"href":"https:\/\/cafecommessias.com.br\/index.php?rest_route=\/wp\/v2\/media\/4366"}],"wp:attachment":[{"href":"https:\/\/cafecommessias.com.br\/index.php?rest_route=%2Fwp%2Fv2%2Fmedia&parent=4364"}],"wp:term":[{"taxonomy":"category","embeddable":true,"href":"https:\/\/cafecommessias.com.br\/index.php?rest_route=%2Fwp%2Fv2%2Fcategories&post=4364"},{"taxonomy":"post_tag","embeddable":true,"href":"https:\/\/cafecommessias.com.br\/index.php?rest_route=%2Fwp%2Fv2%2Ftags&post=4364"}],"curies":[{"name":"wp","href":"https:\/\/api.w.org\/{rel}","templated":true}]}}