{"id":4371,"date":"2025-10-29T06:51:12","date_gmt":"2025-10-29T09:51:12","guid":{"rendered":"https:\/\/cafecommessias.com.br\/?p=4371"},"modified":"2025-10-29T06:52:19","modified_gmt":"2025-10-29T09:52:19","slug":"sem-saber-que-estava-gravida-mulher-tem-parto-inesperado-em-via-publica-na-grande-natal","status":"publish","type":"post","link":"https:\/\/cafecommessias.com.br\/?p=4371","title":{"rendered":"Sem saber que estava gr\u00e1vida, mulher tem parto inesperado em via p\u00fablica na Grande Natal"},"content":{"rendered":"\n<p>Uma mulher teve um parto inesperado em via p\u00fablica na manh\u00e3 desta ter\u00e7a-feira (28), em Parnamirim, Regi\u00e3o Metropolitana de Natal.<\/p>\n\n\n\n<p>Segundo relatos de vizinhos, ela come\u00e7ou a sentir fortes dores ainda pela manh\u00e3 e, devido \u00e0 intensidade, n\u00e3o conseguiu mais se locomover. Quando foi retirada de casa para ser levada ao hospital, o trabalho de parto j\u00e1 havia come\u00e7ado, e o beb\u00ea acabou nascendo ainda na rua.<\/p>\n\n\n\n<p>A equipe do Servi\u00e7o de Atendimento M\u00f3vel de Urg\u00eancia (SAMU) foi acionada, mas, ao chegar ao local, o parto j\u00e1 havia se iniciado. De acordo com informa\u00e7\u00f5es preliminares, a mulher n\u00e3o tinha conhecimento de que estava gr\u00e1vida.<\/p>\n\n\n\n<p><sub>Por portal&nbsp;SOS Policial.<\/sub><\/p>\n\n\n\n<p class=\"has-text-align-center\"><strong><em>PUBLICIDADE<\/em><\/strong><\/p>\n\n\n\n<figure class=\"wp-block-image size-large\"><img loading=\"lazy\" decoding=\"async\" width=\"1024\" height=\"219\" src=\"https:\/\/cafecommessias.com.br\/wp-content\/uploads\/2025\/10\/Banner-ITIV-1400x300px-1024x219.gif\" alt=\"\" class=\"wp-image-4156\" srcset=\"https:\/\/cafecommessias.com.br\/wp-content\/uploads\/2025\/10\/Banner-ITIV-1400x300px-1024x219.gif 1024w, https:\/\/cafecommessias.com.br\/wp-content\/uploads\/2025\/10\/Banner-ITIV-1400x300px-300x64.gif 300w, https:\/\/cafecommessias.com.br\/wp-content\/uploads\/2025\/10\/Banner-ITIV-1400x300px-768x165.gif 768w\" sizes=\"auto, (max-width: 1024px) 100vw, 1024px\" \/><\/figure>\n","protected":false},"excerpt":{"rendered":"<p>Uma mulher teve um parto inesperado em via p\u00fablica na manh\u00e3 desta ter\u00e7a-feira (28), em Parnamirim, Regi\u00e3o Metropolitana de Natal. Segundo relatos de vizinhos, ela come\u00e7ou a sentir fortes dores ainda pela manh\u00e3 e, devido \u00e0 intensidade, n\u00e3o conseguiu mais se locomover. Quando foi retirada de casa para ser levada ao hospital, o trabalho de&#8230;<\/p>\n","protected":false},"author":1,"featured_media":4372,"comment_status":"open","ping_status":"closed","sticky":false,"template":"","format":"standard","meta":{"footnotes":""},"categories":[3],"tags":[],"class_list":["post-4371","post","type-post","status-publish","format-standard","has-post-thumbnail","hentry","category-geral"],"_links":{"self":[{"href":"https:\/\/cafecommessias.com.br\/index.php?rest_route=\/wp\/v2\/posts\/4371","targetHints":{"allow":["GET"]}}],"collection":[{"href":"https:\/\/cafecommessias.com.br\/index.php?rest_route=\/wp\/v2\/posts"}],"about":[{"href":"https:\/\/cafecommessias.com.br\/index.php?rest_route=\/wp\/v2\/types\/post"}],"author":[{"embeddable":true,"href":"https:\/\/cafecommessias.com.br\/index.php?rest_route=\/wp\/v2\/users\/1"}],"replies":[{"embeddable":true,"href":"https:\/\/cafecommessias.com.br\/index.php?rest_route=%2Fwp%2Fv2%2Fcomments&post=4371"}],"version-history":[{"count":2,"href":"https:\/\/cafecommessias.com.br\/index.php?rest_route=\/wp\/v2\/posts\/4371\/revisions"}],"predecessor-version":[{"id":4374,"href":"https:\/\/cafecommessias.com.br\/index.php?rest_route=\/wp\/v2\/posts\/4371\/revisions\/4374"}],"wp:featuredmedia":[{"embeddable":true,"href":"https:\/\/cafecommessias.com.br\/index.php?rest_route=\/wp\/v2\/media\/4372"}],"wp:attachment":[{"href":"https:\/\/cafecommessias.com.br\/index.php?rest_route=%2Fwp%2Fv2%2Fmedia&parent=4371"}],"wp:term":[{"taxonomy":"category","embeddable":true,"href":"https:\/\/cafecommessias.com.br\/index.php?rest_route=%2Fwp%2Fv2%2Fcategories&post=4371"},{"taxonomy":"post_tag","embeddable":true,"href":"https:\/\/cafecommessias.com.br\/index.php?rest_route=%2Fwp%2Fv2%2Ftags&post=4371"}],"curies":[{"name":"wp","href":"https:\/\/api.w.org\/{rel}","templated":true}]}}