{"id":4381,"date":"2025-10-30T01:56:49","date_gmt":"2025-10-30T04:56:49","guid":{"rendered":"https:\/\/cafecommessias.com.br\/?p=4381"},"modified":"2025-10-30T01:57:18","modified_gmt":"2025-10-30T04:57:18","slug":"castro-e-lewandowski-montam-escritorio-de-guerra-para-varrer-crime-organizado-do-rj","status":"publish","type":"post","link":"https:\/\/cafecommessias.com.br\/?p=4381","title":{"rendered":"Castro e Lewandowski montam \u2018escrit\u00f3rio de guerra\u2019 para varrer crime organizado do RJ"},"content":{"rendered":"\n<p>O governador Cl\u00e1udio Castro (PL) anunciou nesta quarta-feira (29) a cria\u00e7\u00e3o do Escrit\u00f3rio Emergencial de Enfrentamento ao Crime Organizado, em parceria com o ministro da Justi\u00e7a, Ricardo Lewandowski. A medida vem na esteira da megaopera\u00e7\u00e3o nos complexos do Alem\u00e3o e da Penha, que deixou 119 suspeitos mortos e prendeu 113, incluindo criminosos de outros estados.<\/p>\n\n\n\n<p>O \u201cescrit\u00f3rio de guerra\u201d ser\u00e1 comandado pelo secret\u00e1rio estadual Victor Santos e pelo secret\u00e1rio nacional M\u00e1rio Luiz Sarrubbo. A ideia \u00e9 unir for\u00e7as da Pol\u00edcia Militar, Civil, Federal e PRF, derrubar burocracias e agir r\u00e1pido contra o Comando Vermelho, que vem expandindo territ\u00f3rio e espalhando terror pelo estado.<\/p>\n\n\n\n<p>Lewandowski detalhou que o governo federal vai refor\u00e7ar a opera\u00e7\u00e3o com peritos criminais, bancos de dados de DNA e bal\u00edstica, m\u00e9dicos legistas e odont\u00f3logos, al\u00e9m de efetivo da For\u00e7a Nacional. \u201cO problema n\u00e3o \u00e9 s\u00f3 do Rio, \u00e9 nacional. Esse escrit\u00f3rio \u00e9 emergencial, mas vai gerar resultados r\u00e1pidos\u201d, avisou.<\/p>\n\n\n\n<p>A megaopera\u00e7\u00e3o durou mais de 12 horas e apreendeu 118 armas \u2014 incluindo 91 fuzis \u2014 explosivos, drogas e 10 menores. Moradores relatam cenas de horror, com corpos espalhados, choro e medo nas comunidades. O Estado mostra que est\u00e1 disposto a varrer o crime organizado do Rio de Janeiro, custe o que custar.<\/p>\n","protected":false},"excerpt":{"rendered":"<p>O governador Cl\u00e1udio Castro (PL) anunciou nesta quarta-feira (29) a cria\u00e7\u00e3o do Escrit\u00f3rio Emergencial de Enfrentamento ao Crime Organizado, em parceria com o ministro da Justi\u00e7a, Ricardo Lewandowski. A medida vem na esteira da megaopera\u00e7\u00e3o nos complexos do Alem\u00e3o e da Penha, que deixou 119 suspeitos mortos e prendeu 113, incluindo criminosos de outros estados&#8230;.<\/p>\n","protected":false},"author":1,"featured_media":4382,"comment_status":"open","ping_status":"closed","sticky":false,"template":"","format":"standard","meta":{"footnotes":""},"categories":[37],"tags":[],"class_list":["post-4381","post","type-post","status-publish","format-standard","has-post-thumbnail","hentry","category-brasil"],"_links":{"self":[{"href":"https:\/\/cafecommessias.com.br\/index.php?rest_route=\/wp\/v2\/posts\/4381","targetHints":{"allow":["GET"]}}],"collection":[{"href":"https:\/\/cafecommessias.com.br\/index.php?rest_route=\/wp\/v2\/posts"}],"about":[{"href":"https:\/\/cafecommessias.com.br\/index.php?rest_route=\/wp\/v2\/types\/post"}],"author":[{"embeddable":true,"href":"https:\/\/cafecommessias.com.br\/index.php?rest_route=\/wp\/v2\/users\/1"}],"replies":[{"embeddable":true,"href":"https:\/\/cafecommessias.com.br\/index.php?rest_route=%2Fwp%2Fv2%2Fcomments&post=4381"}],"version-history":[{"count":1,"href":"https:\/\/cafecommessias.com.br\/index.php?rest_route=\/wp\/v2\/posts\/4381\/revisions"}],"predecessor-version":[{"id":4383,"href":"https:\/\/cafecommessias.com.br\/index.php?rest_route=\/wp\/v2\/posts\/4381\/revisions\/4383"}],"wp:featuredmedia":[{"embeddable":true,"href":"https:\/\/cafecommessias.com.br\/index.php?rest_route=\/wp\/v2\/media\/4382"}],"wp:attachment":[{"href":"https:\/\/cafecommessias.com.br\/index.php?rest_route=%2Fwp%2Fv2%2Fmedia&parent=4381"}],"wp:term":[{"taxonomy":"category","embeddable":true,"href":"https:\/\/cafecommessias.com.br\/index.php?rest_route=%2Fwp%2Fv2%2Fcategories&post=4381"},{"taxonomy":"post_tag","embeddable":true,"href":"https:\/\/cafecommessias.com.br\/index.php?rest_route=%2Fwp%2Fv2%2Ftags&post=4381"}],"curies":[{"name":"wp","href":"https:\/\/api.w.org\/{rel}","templated":true}]}}