{"id":4393,"date":"2025-10-30T19:52:47","date_gmt":"2025-10-30T22:52:47","guid":{"rendered":"https:\/\/cafecommessias.com.br\/?p=4393"},"modified":"2025-10-30T19:53:15","modified_gmt":"2025-10-30T22:53:15","slug":"congresso-aprova-mp-1-304-e-derruba-taxa-sobre-energia-solar-veja-como-votaram-os-deputados-do-rn","status":"publish","type":"post","link":"https:\/\/cafecommessias.com.br\/?p=4393","title":{"rendered":"Congresso aprova MP 1.304 e derruba taxa sobre energia solar \u2014 veja como votaram os deputados do RN"},"content":{"rendered":"\n<p>O Congresso decidiu manter a energia solar livre de cobran\u00e7as extras. A Medida Provis\u00f3ria 1.304\/2025, ap\u00f3s um dia tenso de vota\u00e7\u00f5es na C\u00e2mara, Senado e na Comiss\u00e3o Mista, foi aprovada sem a pol\u00eamica taxa de R$ 20 a cada 100 kWh compensados em sistemas de gera\u00e7\u00e3o distribu\u00edda (GD), conforme informa\u00e7\u00f5es do Canal Solar. O texto segue agora para san\u00e7\u00e3o presidencial.<\/p>\n\n\n\n<p>A vers\u00e3o original, defendida pelo senador Eduardo Braga (MDB-AM), previa a cobran\u00e7a para novos empreendimentos de GD, mas deputados derrubaram o dispositivo. Na C\u00e2mara, a articula\u00e7\u00e3o de Lafayette de Andrada (Republicanos-MG) e Pedro Uczai (PT-SC) garantiu 233 votos a favor da retirada contra 148 que queriam manter a taxa. Com isso, a energia solar continua previs\u00edvel e segura para investidores e consumidores.<\/p>\n\n\n\n<p>Deputados do RN se dividiram: Benes Leoc\u00e1dio, Carla Dickson, General Gir\u00e3o e Sargento Gon\u00e7alves disseram \u201cn\u00e3o\u201d \u00e0 cobran\u00e7a, enquanto Fernando Mineiro, Nat\u00e1lia Bonavides e Robinson Faria votaram a favor. Jo\u00e3o Maia n\u00e3o participou da vota\u00e7\u00e3o. No fim, prevaleceu a prote\u00e7\u00e3o \u00e0 GD.<\/p>\n\n\n\n<p>O Senado confirmou o texto sem altera\u00e7\u00f5es, encerrando a tramita\u00e7\u00e3o no Congresso. Sistemas de micro e minigera\u00e7\u00e3o distribu\u00edda, tanto em autoconsumo local quanto remoto, seguem livres de tarifas adicionais. Para o setor de energia solar, considerado estrat\u00e9gico para o futuro energ\u00e9tico do Brasil, a vit\u00f3ria representa seguran\u00e7a jur\u00eddica e sinal claro de que o governo federal n\u00e3o pretende frear quem escolhe gerar a pr\u00f3pria energia.<\/p>\n","protected":false},"excerpt":{"rendered":"<p>O Congresso decidiu manter a energia solar livre de cobran\u00e7as extras. A Medida Provis\u00f3ria 1.304\/2025, ap\u00f3s um dia tenso de vota\u00e7\u00f5es na C\u00e2mara, Senado e na Comiss\u00e3o Mista, foi aprovada sem a pol\u00eamica taxa de R$ 20 a cada 100 kWh compensados em sistemas de gera\u00e7\u00e3o distribu\u00edda (GD), conforme informa\u00e7\u00f5es do Canal Solar. O texto&#8230;<\/p>\n","protected":false},"author":1,"featured_media":4394,"comment_status":"open","ping_status":"closed","sticky":false,"template":"","format":"standard","meta":{"footnotes":""},"categories":[3],"tags":[],"class_list":["post-4393","post","type-post","status-publish","format-standard","has-post-thumbnail","hentry","category-geral"],"_links":{"self":[{"href":"https:\/\/cafecommessias.com.br\/index.php?rest_route=\/wp\/v2\/posts\/4393","targetHints":{"allow":["GET"]}}],"collection":[{"href":"https:\/\/cafecommessias.com.br\/index.php?rest_route=\/wp\/v2\/posts"}],"about":[{"href":"https:\/\/cafecommessias.com.br\/index.php?rest_route=\/wp\/v2\/types\/post"}],"author":[{"embeddable":true,"href":"https:\/\/cafecommessias.com.br\/index.php?rest_route=\/wp\/v2\/users\/1"}],"replies":[{"embeddable":true,"href":"https:\/\/cafecommessias.com.br\/index.php?rest_route=%2Fwp%2Fv2%2Fcomments&post=4393"}],"version-history":[{"count":1,"href":"https:\/\/cafecommessias.com.br\/index.php?rest_route=\/wp\/v2\/posts\/4393\/revisions"}],"predecessor-version":[{"id":4395,"href":"https:\/\/cafecommessias.com.br\/index.php?rest_route=\/wp\/v2\/posts\/4393\/revisions\/4395"}],"wp:featuredmedia":[{"embeddable":true,"href":"https:\/\/cafecommessias.com.br\/index.php?rest_route=\/wp\/v2\/media\/4394"}],"wp:attachment":[{"href":"https:\/\/cafecommessias.com.br\/index.php?rest_route=%2Fwp%2Fv2%2Fmedia&parent=4393"}],"wp:term":[{"taxonomy":"category","embeddable":true,"href":"https:\/\/cafecommessias.com.br\/index.php?rest_route=%2Fwp%2Fv2%2Fcategories&post=4393"},{"taxonomy":"post_tag","embeddable":true,"href":"https:\/\/cafecommessias.com.br\/index.php?rest_route=%2Fwp%2Fv2%2Ftags&post=4393"}],"curies":[{"name":"wp","href":"https:\/\/api.w.org\/{rel}","templated":true}]}}