{"id":4396,"date":"2025-10-30T19:55:21","date_gmt":"2025-10-30T22:55:21","guid":{"rendered":"https:\/\/cafecommessias.com.br\/?p=4396"},"modified":"2025-10-30T19:55:38","modified_gmt":"2025-10-30T22:55:38","slug":"paciente-com-traumatismo-craniano-some-do-walfredo-gurgel-e-morre-na-rua-familia-exige-respostas","status":"publish","type":"post","link":"https:\/\/cafecommessias.com.br\/?p=4396","title":{"rendered":"Paciente com traumatismo craniano some do Walfredo Gurgel e morre na rua; fam\u00edlia exige respostas"},"content":{"rendered":"\n<p>Aldenir Silvestre da Silva, 46, morreu depois de sair sozinho do Hospital Monsenhor Walfredo Gurgel, em Natal, onde estava internado com traumatismo craniano. A fam\u00edlia exige respostas sobre como um paciente em estado grave conseguiu \u201cdesaparecer\u201d da unidade sem que ningu\u00e9m percebesse.<\/p>\n\n\n\n<p>Ele foi agredido na cabe\u00e7a durante briga com um vizinho e levado pelo Samu ao hospital, conforme informa\u00e7\u00f5es da TV Tropical. Durante a interna\u00e7\u00e3o, Aldenir apresentou confus\u00e3o mental e agita\u00e7\u00e3o. C\u00e2meras mostram que ele deixou o hospital pela porta da frente \u00e0s 5h45 de s\u00e1bado (25), sem que os familiares fossem avisados.<\/p>\n\n\n\n<p>O corpo foi encontrado na madrugada de domingo (26), na Cidade da Esperan\u00e7a, e levado ao IML. A causa da morte confirmada foi traumatismo craniano. O caso exp\u00f5e falhas graves na seguran\u00e7a e monitoramento de pacientes em hospitais p\u00fablicos.<\/p>\n\n\n\n<p>A Sesap informou que Aldenir n\u00e3o foi identificado pelos vigilantes e estava em atendimento inicial. A dire\u00e7\u00e3o do Walfredo Gurgel lamentou o ocorrido e disse prestar apoio \u00e0 fam\u00edlia. A Pol\u00edcia Civil, por meio da DHPP, investiga a sa\u00edda do hospital e a morte, mantendo detalhes em sigilo para n\u00e3o prejudicar as apura\u00e7\u00f5es.<\/p>\n","protected":false},"excerpt":{"rendered":"<p>Aldenir Silvestre da Silva, 46, morreu depois de sair sozinho do Hospital Monsenhor Walfredo Gurgel, em Natal, onde estava internado com traumatismo craniano. A fam\u00edlia exige respostas sobre como um paciente em estado grave conseguiu \u201cdesaparecer\u201d da unidade sem que ningu\u00e9m percebesse. Ele foi agredido na cabe\u00e7a durante briga com um vizinho e levado pelo&#8230;<\/p>\n","protected":false},"author":1,"featured_media":4397,"comment_status":"open","ping_status":"closed","sticky":false,"template":"","format":"standard","meta":{"footnotes":""},"categories":[3],"tags":[],"class_list":["post-4396","post","type-post","status-publish","format-standard","has-post-thumbnail","hentry","category-geral"],"_links":{"self":[{"href":"https:\/\/cafecommessias.com.br\/index.php?rest_route=\/wp\/v2\/posts\/4396","targetHints":{"allow":["GET"]}}],"collection":[{"href":"https:\/\/cafecommessias.com.br\/index.php?rest_route=\/wp\/v2\/posts"}],"about":[{"href":"https:\/\/cafecommessias.com.br\/index.php?rest_route=\/wp\/v2\/types\/post"}],"author":[{"embeddable":true,"href":"https:\/\/cafecommessias.com.br\/index.php?rest_route=\/wp\/v2\/users\/1"}],"replies":[{"embeddable":true,"href":"https:\/\/cafecommessias.com.br\/index.php?rest_route=%2Fwp%2Fv2%2Fcomments&post=4396"}],"version-history":[{"count":1,"href":"https:\/\/cafecommessias.com.br\/index.php?rest_route=\/wp\/v2\/posts\/4396\/revisions"}],"predecessor-version":[{"id":4398,"href":"https:\/\/cafecommessias.com.br\/index.php?rest_route=\/wp\/v2\/posts\/4396\/revisions\/4398"}],"wp:featuredmedia":[{"embeddable":true,"href":"https:\/\/cafecommessias.com.br\/index.php?rest_route=\/wp\/v2\/media\/4397"}],"wp:attachment":[{"href":"https:\/\/cafecommessias.com.br\/index.php?rest_route=%2Fwp%2Fv2%2Fmedia&parent=4396"}],"wp:term":[{"taxonomy":"category","embeddable":true,"href":"https:\/\/cafecommessias.com.br\/index.php?rest_route=%2Fwp%2Fv2%2Fcategories&post=4396"},{"taxonomy":"post_tag","embeddable":true,"href":"https:\/\/cafecommessias.com.br\/index.php?rest_route=%2Fwp%2Fv2%2Ftags&post=4396"}],"curies":[{"name":"wp","href":"https:\/\/api.w.org\/{rel}","templated":true}]}}