{"id":4409,"date":"2025-11-02T23:28:05","date_gmt":"2025-11-03T02:28:05","guid":{"rendered":"https:\/\/cafecommessias.com.br\/?p=4409"},"modified":"2025-11-02T23:36:36","modified_gmt":"2025-11-03T02:36:36","slug":"feriado-do-servidor-muda-rotina-de-orgaos-estaduais-nesta-segunda-confira-detalhes","status":"publish","type":"post","link":"https:\/\/cafecommessias.com.br\/?p=4409","title":{"rendered":"Feriado do Servidor muda rotina de \u00f3rg\u00e3os estaduais nesta segunda; confira detalhes"},"content":{"rendered":"\n<p>Apesar do ponto facultativo, servi\u00e7os essenciais seguem funcionando normalmente, incluindo hospitais, for\u00e7as de seguran\u00e7a e Defesa Civil<\/p>\n\n\n\n<p>O&nbsp;<strong>Dia do Servidor P\u00fablico<\/strong>&nbsp;ser\u00e1 comemorado nesta&nbsp;<strong>segunda-feira (03\/11)<\/strong>&nbsp;com ponto facultativo em \u00f3rg\u00e3os da&nbsp;<strong>Administra\u00e7\u00e3o P\u00fablica Direta e Indireta<\/strong>&nbsp;do Rio Grande do Norte, conforme o&nbsp;<strong>Decreto n\u00ba 34.953<\/strong>.<\/p>\n\n\n\n<p>Apesar do ponto facultativo,&nbsp;<strong>servi\u00e7os essenciais seguem funcionando normalmente<\/strong>, incluindo hospitais, for\u00e7as de seguran\u00e7a e Defesa Civil.<\/p>\n\n\n\n<h3 class=\"wp-block-heading\">Servi\u00e7os que funcionam normalmente<\/h3>\n\n\n\n<ul class=\"wp-block-list\">\n<li><strong>Hemonorte (Hemocentro Dalton Cunha):<\/strong>\u00a07h \u00e0s 18h<\/li>\n\n\n\n<li><strong>Espa\u00e7o Hemonorte \u2013 Partage Norte Shopping:<\/strong>\u00a08h \u00e0s 11h e 13h \u00e0s 17h<\/li>\n\n\n\n<li><strong>Atendimento da Caern:<\/strong>\u00a024h via Teleatendimento 115, App Caern Mobile, Ag\u00eancia Virtual e WhatsApp (84) 98118-8400<\/li>\n<\/ul>\n\n\n\n<h3 class=\"wp-block-heading\">Servi\u00e7os com expediente suspenso<\/h3>\n\n\n\n<ul class=\"wp-block-list\">\n<li><strong>Unicat e Caern (administrativo):<\/strong>\u00a0retomam ter\u00e7a-feira (04\/11)<\/li>\n\n\n\n<li><strong>Escolas estaduais:<\/strong>\u00a0aulas retornam na ter\u00e7a-feira (04\/11)<\/li>\n\n\n\n<li><strong>EMPARN:<\/strong>\u00a0fechado, retorna na ter\u00e7a-feira<\/li>\n\n\n\n<li><strong>Restaurantes Populares (SETHAS):<\/strong>\u00a0unidades do Centro Administrativo, UERN Mossor\u00f3 e Pau dos Ferros n\u00e3o funcionar\u00e3o<\/li>\n\n\n\n<li><strong>DETRAN:<\/strong>\u00a0unidades fechadas; servi\u00e7os agendados podem ser realizados a partir de ter\u00e7a-feira (04\/11)<\/li>\n<\/ul>\n\n\n\n<h3 class=\"wp-block-heading\">Parques estaduais<\/h3>\n\n\n\n<ul class=\"wp-block-list\">\n<li><strong>Parque das Dunas:<\/strong>\u00a07h30 \u00e0s 17h, entrada R$ 1,00<\/li>\n\n\n\n<li><strong>Cajueiro de Pirangi:<\/strong>\u00a08h \u00e0s 17h30, entrada R$ 8,00 (meia-entrada para crian\u00e7as, estudantes, professores e idosos)<\/li>\n\n\n\n<li><strong>Parque Mata da Pipa:<\/strong>\u00a0fechado na segunda; reabre ter\u00e7a-feira com entrada gratuita<\/li>\n<\/ul>\n\n\n\n<p><sub>por Agora RN<\/sub><\/p>\n\n\n\n<p><\/p>\n","protected":false},"excerpt":{"rendered":"<p>Apesar do ponto facultativo, servi\u00e7os essenciais seguem funcionando normalmente, incluindo hospitais, for\u00e7as de seguran\u00e7a e Defesa Civil O&nbsp;Dia do Servidor P\u00fablico&nbsp;ser\u00e1 comemorado nesta&nbsp;segunda-feira (03\/11)&nbsp;com ponto facultativo em \u00f3rg\u00e3os da&nbsp;Administra\u00e7\u00e3o P\u00fablica Direta e Indireta&nbsp;do Rio Grande do Norte, conforme o&nbsp;Decreto n\u00ba 34.953. Apesar do ponto facultativo,&nbsp;servi\u00e7os essenciais seguem funcionando normalmente, incluindo hospitais, for\u00e7as de seguran\u00e7a e&#8230;<\/p>\n","protected":false},"author":1,"featured_media":4410,"comment_status":"open","ping_status":"open","sticky":false,"template":"","format":"standard","meta":{"footnotes":""},"categories":[38],"tags":[],"class_list":["post-4409","post","type-post","status-publish","format-standard","has-post-thumbnail","hentry","category-feriado"],"_links":{"self":[{"href":"https:\/\/cafecommessias.com.br\/index.php?rest_route=\/wp\/v2\/posts\/4409","targetHints":{"allow":["GET"]}}],"collection":[{"href":"https:\/\/cafecommessias.com.br\/index.php?rest_route=\/wp\/v2\/posts"}],"about":[{"href":"https:\/\/cafecommessias.com.br\/index.php?rest_route=\/wp\/v2\/types\/post"}],"author":[{"embeddable":true,"href":"https:\/\/cafecommessias.com.br\/index.php?rest_route=\/wp\/v2\/users\/1"}],"replies":[{"embeddable":true,"href":"https:\/\/cafecommessias.com.br\/index.php?rest_route=%2Fwp%2Fv2%2Fcomments&post=4409"}],"version-history":[{"count":1,"href":"https:\/\/cafecommessias.com.br\/index.php?rest_route=\/wp\/v2\/posts\/4409\/revisions"}],"predecessor-version":[{"id":4411,"href":"https:\/\/cafecommessias.com.br\/index.php?rest_route=\/wp\/v2\/posts\/4409\/revisions\/4411"}],"wp:featuredmedia":[{"embeddable":true,"href":"https:\/\/cafecommessias.com.br\/index.php?rest_route=\/wp\/v2\/media\/4410"}],"wp:attachment":[{"href":"https:\/\/cafecommessias.com.br\/index.php?rest_route=%2Fwp%2Fv2%2Fmedia&parent=4409"}],"wp:term":[{"taxonomy":"category","embeddable":true,"href":"https:\/\/cafecommessias.com.br\/index.php?rest_route=%2Fwp%2Fv2%2Fcategories&post=4409"},{"taxonomy":"post_tag","embeddable":true,"href":"https:\/\/cafecommessias.com.br\/index.php?rest_route=%2Fwp%2Fv2%2Ftags&post=4409"}],"curies":[{"name":"wp","href":"https:\/\/api.w.org\/{rel}","templated":true}]}}