{"id":4415,"date":"2025-11-02T23:32:16","date_gmt":"2025-11-03T02:32:16","guid":{"rendered":"https:\/\/cafecommessias.com.br\/?p=4415"},"modified":"2025-11-02T23:36:08","modified_gmt":"2025-11-03T02:36:08","slug":"aneel-confirma-bandeira-vermelha-1-na-conta-de-luz-em-novembro","status":"publish","type":"post","link":"https:\/\/cafecommessias.com.br\/?p=4415","title":{"rendered":"Aneel confirma bandeira vermelha 1 na conta de luz em novembro"},"content":{"rendered":"\n<p>Segundo a ag\u00eancia, a medida \u00e9 necess\u00e1ria devido ao baixo volume de chuvas, que impacta o n\u00edvel dos reservat\u00f3rios das usinas hidrel\u00e9tricas<\/p>\n\n\n\n<p>A&nbsp;<strong>Ag\u00eancia Nacional de Energia El\u00e9trica (Aneel)<\/strong>&nbsp;anunciou na sexta-feira 31, a manuten\u00e7\u00e3o da&nbsp;<strong>bandeira vermelha patamar 1<\/strong>&nbsp;para o m\u00eas de novembro. Com isso, as contas de energia el\u00e9trica ter\u00e3o um&nbsp;<strong>adicional de R$ 4,46 a cada 100 quilowatts-hora (kWh) consumidos<\/strong>.<\/p>\n\n\n\n<p>Nos meses de agosto e setembro, a Aneel havia acionado a&nbsp;<strong>bandeira vermelha patamar 2<\/strong>, com adicional de&nbsp;<strong>R$ 7,87 por 100 kWh<\/strong>. Em outubro, o patamar foi reduzido para 1.<\/p>\n\n\n\n<p>Segundo a ag\u00eancia, a medida \u00e9 necess\u00e1ria devido ao&nbsp;<strong>baixo volume de chuvas<\/strong>, que impacta o&nbsp;<strong>n\u00edvel dos reservat\u00f3rios das usinas hidrel\u00e9tricas<\/strong>. \u201cO cen\u00e1rio segue desfavor\u00e1vel para a gera\u00e7\u00e3o hidrel\u00e9trica, devido ao volume de chuvas abaixo da m\u00e9dia e \u00e0 redu\u00e7\u00e3o nos n\u00edveis dos reservat\u00f3rios. Dessa forma, para garantir o fornecimento de energia \u00e9 necess\u00e1rio acionar usinas termel\u00e9tricas, que t\u00eam custo mais elevado, justificando a manuten\u00e7\u00e3o da bandeira vermelha patamar 1\u201d, informou a Aneel.<\/p>\n\n\n\n<p>A ag\u00eancia ainda destacou que a&nbsp;<strong>energia solar \u00e9 intermitente<\/strong>&nbsp;e n\u00e3o injeta energia ao sistema durante todo o dia, o que exige o acionamento das termel\u00e9tricas, especialmente nos hor\u00e1rios de ponta.<\/p>\n\n\n\n<p><strong>Custos extras nas contas de luz<\/strong><\/p>\n\n\n\n<p>Criado em 2015, o sistema de&nbsp;<strong>bandeiras tarif\u00e1rias da Aneel<\/strong>&nbsp;reflete os&nbsp;<strong>custos vari\u00e1veis da gera\u00e7\u00e3o de energia el\u00e9trica<\/strong>.<\/p>\n\n\n\n<ul class=\"wp-block-list\">\n<li><strong>Bandeira verde<\/strong>: sem acr\u00e9scimo na conta de luz.<\/li>\n\n\n\n<li><strong>Bandeira amarela ou vermelha<\/strong>: acr\u00e9scimos de acordo com o consumo, por cada 100 kWh.<\/li>\n<\/ul>\n\n\n\n<p>A manuten\u00e7\u00e3o da bandeira vermelha 1 refor\u00e7a a necessidade de&nbsp;<strong>economia de energia<\/strong>&nbsp;por parte dos consumidores, especialmente em per\u00edodos de menor disponibilidade h\u00eddrica.<\/p>\n\n\n\n<p><sub>por Agora RN<\/sub><\/p>\n","protected":false},"excerpt":{"rendered":"<p>Segundo a ag\u00eancia, a medida \u00e9 necess\u00e1ria devido ao baixo volume de chuvas, que impacta o n\u00edvel dos reservat\u00f3rios das usinas hidrel\u00e9tricas A&nbsp;Ag\u00eancia Nacional de Energia El\u00e9trica (Aneel)&nbsp;anunciou na sexta-feira 31, a manuten\u00e7\u00e3o da&nbsp;bandeira vermelha patamar 1&nbsp;para o m\u00eas de novembro. Com isso, as contas de energia el\u00e9trica ter\u00e3o um&nbsp;adicional de R$ 4,46 a cada&#8230;<\/p>\n","protected":false},"author":1,"featured_media":4416,"comment_status":"open","ping_status":"open","sticky":false,"template":"","format":"standard","meta":{"footnotes":""},"categories":[3,6],"tags":[],"class_list":["post-4415","post","type-post","status-publish","format-standard","has-post-thumbnail","hentry","category-geral","category-politica"],"_links":{"self":[{"href":"https:\/\/cafecommessias.com.br\/index.php?rest_route=\/wp\/v2\/posts\/4415","targetHints":{"allow":["GET"]}}],"collection":[{"href":"https:\/\/cafecommessias.com.br\/index.php?rest_route=\/wp\/v2\/posts"}],"about":[{"href":"https:\/\/cafecommessias.com.br\/index.php?rest_route=\/wp\/v2\/types\/post"}],"author":[{"embeddable":true,"href":"https:\/\/cafecommessias.com.br\/index.php?rest_route=\/wp\/v2\/users\/1"}],"replies":[{"embeddable":true,"href":"https:\/\/cafecommessias.com.br\/index.php?rest_route=%2Fwp%2Fv2%2Fcomments&post=4415"}],"version-history":[{"count":1,"href":"https:\/\/cafecommessias.com.br\/index.php?rest_route=\/wp\/v2\/posts\/4415\/revisions"}],"predecessor-version":[{"id":4417,"href":"https:\/\/cafecommessias.com.br\/index.php?rest_route=\/wp\/v2\/posts\/4415\/revisions\/4417"}],"wp:featuredmedia":[{"embeddable":true,"href":"https:\/\/cafecommessias.com.br\/index.php?rest_route=\/wp\/v2\/media\/4416"}],"wp:attachment":[{"href":"https:\/\/cafecommessias.com.br\/index.php?rest_route=%2Fwp%2Fv2%2Fmedia&parent=4415"}],"wp:term":[{"taxonomy":"category","embeddable":true,"href":"https:\/\/cafecommessias.com.br\/index.php?rest_route=%2Fwp%2Fv2%2Fcategories&post=4415"},{"taxonomy":"post_tag","embeddable":true,"href":"https:\/\/cafecommessias.com.br\/index.php?rest_route=%2Fwp%2Fv2%2Ftags&post=4415"}],"curies":[{"name":"wp","href":"https:\/\/api.w.org\/{rel}","templated":true}]}}