{"id":4421,"date":"2025-10-31T23:39:27","date_gmt":"2025-11-01T02:39:27","guid":{"rendered":"https:\/\/cafecommessias.com.br\/?p=4421"},"modified":"2025-11-02T23:39:54","modified_gmt":"2025-11-03T02:39:54","slug":"senac-abre-curso-gratuito-para-preparar-comerciantes-para-vendas-de-fim-de-ano-veja-como-participar","status":"publish","type":"post","link":"https:\/\/cafecommessias.com.br\/?p=4421","title":{"rendered":"Senac abre curso gratuito para preparar comerciantes para vendas de fim de ano; veja como participar"},"content":{"rendered":"\n<p>Curso on-line \u201cTend\u00eancias na Negocia\u00e7\u00e3o em Vendas\u201d tem 15 horas de dura\u00e7\u00e3o e inscri\u00e7\u00f5es abertas at\u00e9 7 de novembro pelo site do Senac RN.<br>O Sistema Fecom\u00e9rcio RN, em parceria com Sesc e Senac, abriu inscri\u00e7\u00f5es para o curso on-line gratuito \u201cTend\u00eancias na Negocia\u00e7\u00e3o em Vendas\u201d, destinado a trabalhadores do com\u00e9rcio, microempreendedores e prestadores de servi\u00e7os que v\u00e3o atuar durante o per\u00edodo de final de ano.<\/p>\n\n\n\n<p>O curso ter\u00e1 15 horas de dura\u00e7\u00e3o, ser\u00e1 realizado de 10 a 14 de novembro no per\u00edodo noturno, e as aulas ser\u00e3o ao vivo. As inscri\u00e7\u00f5es podem ser feitas at\u00e9 7 de novembro pelo site\u00a0<a href=\"http:\/\/www.rn.senac.br\/\" target=\"_blank\" rel=\"noreferrer noopener\">www.rn.senac.br<\/a><\/p>\n\n\n\n<p>A capacita\u00e7\u00e3o busca preparar os participantes para melhorar a entrega de produtos e servi\u00e7os e aumentar a lucratividade do com\u00e9rcio local durante a alta temporada de vendas.<\/p>\n\n\n\n<p>\u201cO Senac Vendas refor\u00e7a o compromisso do Sistema Fecom\u00e9rcio RN em fortalecer o com\u00e9rcio potiguar. Nesta reta final do ano, queremos oferecer aos trabalhadores e empreendedores uma oportunidade de se capacitarem e aprimorarem suas estrat\u00e9gias de vendas\u201d, afirmou Marcelo Queiroz, presidente do Sistema Fecom\u00e9rcio RN.<\/p>\n\n\n\n<p><sub>por Agora RN<\/sub><\/p>\n\n\n\n<p><\/p>\n","protected":false},"excerpt":{"rendered":"<p>Curso on-line \u201cTend\u00eancias na Negocia\u00e7\u00e3o em Vendas\u201d tem 15 horas de dura\u00e7\u00e3o e inscri\u00e7\u00f5es abertas at\u00e9 7 de novembro pelo site do Senac RN.O Sistema Fecom\u00e9rcio RN, em parceria com Sesc e Senac, abriu inscri\u00e7\u00f5es para o curso on-line gratuito \u201cTend\u00eancias na Negocia\u00e7\u00e3o em Vendas\u201d, destinado a trabalhadores do com\u00e9rcio, microempreendedores e prestadores de servi\u00e7os&#8230;<\/p>\n","protected":false},"author":1,"featured_media":4422,"comment_status":"open","ping_status":"open","sticky":false,"template":"","format":"standard","meta":{"footnotes":""},"categories":[3],"tags":[],"class_list":["post-4421","post","type-post","status-publish","format-standard","has-post-thumbnail","hentry","category-geral"],"_links":{"self":[{"href":"https:\/\/cafecommessias.com.br\/index.php?rest_route=\/wp\/v2\/posts\/4421","targetHints":{"allow":["GET"]}}],"collection":[{"href":"https:\/\/cafecommessias.com.br\/index.php?rest_route=\/wp\/v2\/posts"}],"about":[{"href":"https:\/\/cafecommessias.com.br\/index.php?rest_route=\/wp\/v2\/types\/post"}],"author":[{"embeddable":true,"href":"https:\/\/cafecommessias.com.br\/index.php?rest_route=\/wp\/v2\/users\/1"}],"replies":[{"embeddable":true,"href":"https:\/\/cafecommessias.com.br\/index.php?rest_route=%2Fwp%2Fv2%2Fcomments&post=4421"}],"version-history":[{"count":1,"href":"https:\/\/cafecommessias.com.br\/index.php?rest_route=\/wp\/v2\/posts\/4421\/revisions"}],"predecessor-version":[{"id":4423,"href":"https:\/\/cafecommessias.com.br\/index.php?rest_route=\/wp\/v2\/posts\/4421\/revisions\/4423"}],"wp:featuredmedia":[{"embeddable":true,"href":"https:\/\/cafecommessias.com.br\/index.php?rest_route=\/wp\/v2\/media\/4422"}],"wp:attachment":[{"href":"https:\/\/cafecommessias.com.br\/index.php?rest_route=%2Fwp%2Fv2%2Fmedia&parent=4421"}],"wp:term":[{"taxonomy":"category","embeddable":true,"href":"https:\/\/cafecommessias.com.br\/index.php?rest_route=%2Fwp%2Fv2%2Fcategories&post=4421"},{"taxonomy":"post_tag","embeddable":true,"href":"https:\/\/cafecommessias.com.br\/index.php?rest_route=%2Fwp%2Fv2%2Ftags&post=4421"}],"curies":[{"name":"wp","href":"https:\/\/api.w.org\/{rel}","templated":true}]}}