{"id":4426,"date":"2025-11-02T23:48:04","date_gmt":"2025-11-03T02:48:04","guid":{"rendered":"https:\/\/cafecommessias.com.br\/?p=4426"},"modified":"2025-11-02T23:49:29","modified_gmt":"2025-11-03T02:49:29","slug":"governo-reforca-seguranca-na-cop-apos-operacao-no-rio","status":"publish","type":"post","link":"https:\/\/cafecommessias.com.br\/?p=4426","title":{"rendered":"Governo refor\u00e7a seguran\u00e7a na COP ap\u00f3s opera\u00e7\u00e3o no Rio"},"content":{"rendered":"\n<p>Varreduras come\u00e7am nesta segunda-feira (3) em Bel\u00e9m e regi\u00e3o metropolitana<\/p>\n\n\n\n<p>O governo refor\u00e7ou a seguran\u00e7a na COP ap\u00f3s a megaopera\u00e7\u00e3o policial no Rio de Janeiro.<\/p>\n\n\n\n<p>O plano original foi revisto no sentido de refor\u00e7ar o policiamento nos bairros de Bel\u00e9m e regi\u00e3o metropolitana que t\u00eam a presen\u00e7a do Comando Vermelho.<\/p>\n\n\n\n<p>O receio era de uma eventual retalia\u00e7\u00e3o da fac\u00e7\u00e3o pelo fato de parte dos mandados de pris\u00e3o cumpridos na megaopera\u00e7\u00e3o do Rio terem sido expedidos pela Justi\u00e7a do Par\u00e1 ap\u00f3s uma articula\u00e7\u00e3o do governo do estado com a Secretaria de Seguran\u00e7a P\u00fablica do Rio.<\/p>\n\n\n\n<p>Nos dias que se seguiram a opera\u00e7\u00e3o, houve refor\u00e7o de policiamento nos bairros em que essas lideran\u00e7as atuavam em Bel\u00e9m. Principalmente porque um dos mortos, Wesley Martins, conhecido como &#8220;PP&#8221;, foi morto na opera\u00e7\u00e3o. Ele era o chefe do Comando Vermelho no estado. Al\u00e9m dele,\u00a0morreram na opera\u00e7\u00e3o no Rio\u00a0outros 11 criminosos do Par\u00e1.<\/p>\n\n\n\n<p>At\u00e9 a noite deste domingo (2), por\u00e9m, n\u00e3o havia sinal de retalia\u00e7\u00e3o nem de risco de atos violentos na cidade em raz\u00e3o da COP.<\/p>\n\n\n\n<p>Nesta segunda-feira as for\u00e7as de seguran\u00e7a respons\u00e1veis pela\u00a0COP30\u00a0come\u00e7am a varredura nos pontos da capital paraense em que ocorrer\u00e3o o evento.<\/p>\n\n\n\n<p>S\u00e3o esperados pelo menos 50 chefes de estado para a\u00a0C\u00fapula dos L\u00edderes\u00a0agendada para quinta-feira e sexta-feira.<\/p>\n\n\n\n<p>A varredura \u00e9 feita pela Pol\u00edcia Federal com ajuda do estado do Par\u00e1, For\u00e7as Armadas e Secretaria Nacional de Seguran\u00e7a P\u00fablica.<\/p>\n\n\n\n<p>A GLO tamb\u00e9m deve ser publicada no Di\u00e1rio Oficial da Uni\u00e3o nesta segunda-feira, dando in\u00edcio oficial a atua\u00e7\u00e3o das For\u00e7as Armadas na COP.<\/p>\n\n\n\n<p><sub>por CNN Brasil<\/sub><\/p>\n","protected":false},"excerpt":{"rendered":"<p>Varreduras come\u00e7am nesta segunda-feira (3) em Bel\u00e9m e regi\u00e3o metropolitana O governo refor\u00e7ou a seguran\u00e7a na COP ap\u00f3s a megaopera\u00e7\u00e3o policial no Rio de Janeiro. O plano original foi revisto no sentido de refor\u00e7ar o policiamento nos bairros de Bel\u00e9m e regi\u00e3o metropolitana que t\u00eam a presen\u00e7a do Comando Vermelho. O receio era de uma&#8230;<\/p>\n","protected":false},"author":1,"featured_media":4427,"comment_status":"open","ping_status":"open","sticky":false,"template":"","format":"standard","meta":{"footnotes":""},"categories":[5],"tags":[],"class_list":["post-4426","post","type-post","status-publish","format-standard","has-post-thumbnail","hentry","category-policia"],"_links":{"self":[{"href":"https:\/\/cafecommessias.com.br\/index.php?rest_route=\/wp\/v2\/posts\/4426","targetHints":{"allow":["GET"]}}],"collection":[{"href":"https:\/\/cafecommessias.com.br\/index.php?rest_route=\/wp\/v2\/posts"}],"about":[{"href":"https:\/\/cafecommessias.com.br\/index.php?rest_route=\/wp\/v2\/types\/post"}],"author":[{"embeddable":true,"href":"https:\/\/cafecommessias.com.br\/index.php?rest_route=\/wp\/v2\/users\/1"}],"replies":[{"embeddable":true,"href":"https:\/\/cafecommessias.com.br\/index.php?rest_route=%2Fwp%2Fv2%2Fcomments&post=4426"}],"version-history":[{"count":1,"href":"https:\/\/cafecommessias.com.br\/index.php?rest_route=\/wp\/v2\/posts\/4426\/revisions"}],"predecessor-version":[{"id":4428,"href":"https:\/\/cafecommessias.com.br\/index.php?rest_route=\/wp\/v2\/posts\/4426\/revisions\/4428"}],"wp:featuredmedia":[{"embeddable":true,"href":"https:\/\/cafecommessias.com.br\/index.php?rest_route=\/wp\/v2\/media\/4427"}],"wp:attachment":[{"href":"https:\/\/cafecommessias.com.br\/index.php?rest_route=%2Fwp%2Fv2%2Fmedia&parent=4426"}],"wp:term":[{"taxonomy":"category","embeddable":true,"href":"https:\/\/cafecommessias.com.br\/index.php?rest_route=%2Fwp%2Fv2%2Fcategories&post=4426"},{"taxonomy":"post_tag","embeddable":true,"href":"https:\/\/cafecommessias.com.br\/index.php?rest_route=%2Fwp%2Fv2%2Ftags&post=4426"}],"curies":[{"name":"wp","href":"https:\/\/api.w.org\/{rel}","templated":true}]}}