{"id":4430,"date":"2025-11-01T23:59:43","date_gmt":"2025-11-02T02:59:43","guid":{"rendered":"https:\/\/cafecommessias.com.br\/?p=4430"},"modified":"2025-11-03T00:00:37","modified_gmt":"2025-11-03T03:00:37","slug":"operacao-no-rj-expoe-embate-entre-direita-e-esquerda-no-rn","status":"publish","type":"post","link":"https:\/\/cafecommessias.com.br\/?p=4430","title":{"rendered":"Opera\u00e7\u00e3o no RJ exp\u00f5e embate entre direita e esquerda no RN"},"content":{"rendered":"\n<p>A crise da seguran\u00e7a p\u00fablica no pa\u00eds passa por an\u00e1lise pela bancada federal do Rio Grande do Norte, diante da opera\u00e7\u00e3o policial que resultou em 121 mortes no Rio de Janeiro. \u00c9 o caso do secret\u00e1rio nacional do PL, senador Rog\u00e9rio Marinho, que considera o debate importante porque \u201cmostra vis\u00e3o de pa\u00eds, de estado e de sociedade, de um lado, o governo do PT e os partidos aliados de esquerda, que consideram o uso da for\u00e7a como desproporcional, pois pessoas s\u00e3o torturadas, mortas e extorquidas, como se n\u00e3o houvesse desproporcionalidade de for\u00e7a do crime contra cidad\u00e3os brasileiros\u201d.<\/p>\n\n\n\n<p>Para Rog\u00e9rio Marinho \u201cn\u00e3o d\u00e1 para continuar passando a m\u00e3o na cabe\u00e7a de criminosos, o governo \u00e9 contra classificar fac\u00e7\u00f5es criminosas como terroristas e comemora o fato de que a pol\u00edcia faz o trabalho nas ruas e mais de 50% desse trabalho \u00e9 perdido nas audi\u00eancias de cust\u00f3dia\u201d.<\/p>\n\n\n\n<p>Marinho disse que a popula\u00e7\u00e3o do Rio de Janeiro, como a popula\u00e7\u00e3o brasileira de uma maneira geral, \u201cinfelizmente, em v\u00e1rias partes do seu territ\u00f3rio, \u00e9 governada pelas fac\u00e7\u00f5es criminosas, quase 20% da popula\u00e7\u00e3o ou 42 milh\u00f5es de brasileiros, vivem em territ\u00f3rios onde o crime, na verdade, administra, onde a pol\u00edcia n\u00e3o consegue adentrar, onde os servi\u00e7os p\u00fablicos s\u00e3o capturados e a popula\u00e7\u00e3o \u00e9 chantageada para se submeter a essa a\u00e7\u00e3o delet\u00e9ria, cruel, perversa e progressiva de bandidos que se comportam como se fossem um pa\u00eds inimigo no nosso territ\u00f3rio\u201d.<\/p>\n\n\n\n<p>O senador potiguar defendeu o governador do Rio de Janeiro, Cl\u00e1udio Castro, pelas cr\u00edticas que vem recebendo da esquerda e de setores da sociedade. \u201c\u00c9 evidente que essa a\u00e7\u00e3o por si s\u00f3 n\u00e3o vai resolver o problema, \u00e9 necess\u00e1rio que haja uma integra\u00e7\u00e3o entre o Estado, entre o governo federal, entre os munic\u00edpios, entre a sociedade, para combater isso, com a\u00e7\u00f5es inclusive muito mais impactantes que n\u00e3o apenas o enfrentamento. Mas ele \u00e9 necess\u00e1rio para lembrar a sociedade que ainda existe Estado no Brasil\u201d.<br>Segundo Marinho, discursos que \u201cassistimos mostram que a pr\u00e1tica \u00e9 completamente distinta da narrativa, da propaganda. O governo apresenta uma PEC da seguran\u00e7a. O principal objetivo dessa PEC da seguran\u00e7a \u00e9 centralizar as a\u00e7\u00f5es contra o crime organizado em Bras\u00edlia\u201d.<\/p>\n\n\n\n<p>Marinho avalia que o governo \u201ctrata o tempo todo dos direito do prisioneiro, do encarcerado, do cidad\u00e3o que \u00e9 v\u00edtima da sociedade. Basta relembrar a c\u00e9lebre frase do presidente Lula de que roubar um celular, crime cometido, por um jovem n\u00e3o poderia ser motivo para prend\u00ea-lo, para eventualmente encarcer\u00e1-lo, porque ele o faz para tomar uma cervejinha e ele \u00e9 uma v\u00edtima da sociedade\u201d.<\/p>\n\n\n\n<p>Rog\u00e9rio Marinho disse, ainda que o Rio de Janeiro tamb\u00e9m \u201c\u00e9 v\u00edtima de uma interven\u00e7\u00e3o absolutamente indevida do Supremo Tribunal Federal, que ao trazer para suas m\u00e3os a gest\u00e3o praticamente da seguran\u00e7a p\u00fablica atrav\u00e9s da ADPF 635, que durante mais de cinco anos, possibilitou o fortalecimento do crime organizado no Rio de Janeiro, porque a pol\u00edcia estava impedida de adentrar as comunidades com helic\u00f3pteros, com armamentos, sem avisar de antem\u00e3o uma s\u00e9rie de instrumentos do Estado, o que significava que eles estavam avisados\u201d.<\/p>\n\n\n\n<p>Agora, critica Marinho, o ministro Alexandre de Moraes, manda 12 itens diferentes para o governador Cl\u00e1udio Castro, pedindo para que se explique, nos m\u00ednimos detalhes, o que aconteceu. Tudo bem, acho que o governador tem que explicar o que aconteceu. Mas tem que dar uma satisfa\u00e7\u00e3o \u00e0 sociedade de que n\u00e3o ficou inerte, de que n\u00e3o se omitiu. E esse momento \u00e9 de solidariedade ao governador e ao que ele est\u00e1 representando nesse momento, que \u00e9 o sentimento da sociedade de que n\u00f3s n\u00e3o podemos ficar mais nesse processo de banalizar esse estado de coisas\u201d.<\/p>\n\n\n\n<p><strong>Proibi\u00e7\u00e3o<\/strong><\/p>\n\n\n\n<p>O deputado federal General Gir\u00e3o (PL) tamb\u00e9m lembrou que a ADPF 635, na \u00e9poca da pandemia, gerou esta proibi\u00e7\u00e3o da pol\u00edcia de subir nos morros cariocas. \u201cEu morei l\u00e1 por 16 anos e tenho parentes na cidade. Infelizmente, as for\u00e7as policiais do Rio de Janeiro n\u00e3o s\u00e3o numerosas para enfrentar o total de bandidos que ali est\u00e3o. O presidente da Rep\u00fablica n\u00e3o autorizou o emprego das For\u00e7as Armadas\u201d.<\/p>\n\n\n\n<p>O General Gir\u00e3o destacou que o Rio de Janeiro \u201cn\u00e3o precisa de discursos, precisa de a\u00e7\u00e3o e precisa de apoio a quem est\u00e1 constitucionalmente no cargo de governador. O que a gente est\u00e1 vendo s\u00e3o cobran\u00e7as ao governador Cl\u00e1udio Castro de uma resposta sobre por que ele fez a opera\u00e7\u00e3o. H\u00e1 um Estado dentro do Estado. N\u00f3s estamos com a subvers\u00e3o da ordem. \u00c9 um poder que se instalou l\u00e1 dentro\u201d.<\/p>\n\n\n\n<p>\u201cO Rio de Janeiro precisa anular este discurso deste descondenado, que disse que os traficantes s\u00e3o v\u00edtimas dos usu\u00e1rios\u201d, destacou Gir\u00e3o, referindo-se \u00e0 recente fala do presidente Lula, lembrando que no Cear\u00e1 \u201cj\u00e1 teve inc\u00eandio de \u00f4nibus, que \u00e9 uma das formas de ataque que os terroristas usam contra a sociedade, al\u00e9m do \u201csalve\u201d. \u201cFecha tudo. Ningu\u00e9m vende mais nada hoje.\u201d<\/p>\n\n\n\n<p><strong>Celular<\/strong><\/p>\n\n\n\n<p>J\u00e1 o deputado federal Sargento Gon\u00e7alves (PL) declarou \u201cse hoje temos essa realidade no Rio de Janeiro, a culpa \u00e9 das decis\u00f5es do STF, aparelhado, infelizmente, pela esquerda, deste governo que vai ao exterior, de um presidente que diz que a culpa pelo tr\u00e1fico de drogas n\u00e3o \u00e9 do traficante, mas do usu\u00e1rio, de um presidente que diz que o bandido rouba um celular para tomar uma cervejinha. E o reflexo \u00e9 esse \u2013 bandidos do Rio Grande do Norte saem do Estado para se especializar nas comunidades do Rio de Janeiro, que se transformaram, na verdade, em quart\u00e9is-generais do crime organizado\u201d.<\/p>\n\n\n\n<p>Gon\u00e7alves ainda se posicionou contra a proposta apresentada na PEC 18\/2025 que quer centralizar ainda mais o poder na m\u00e3o do Governo Federal: \u201cN\u00f3s temos, na Comiss\u00e3o de Seguran\u00e7a P\u00fablica, a proposta j\u00e1 pronta, formada e elaborada por verdadeiros especialistas. E n\u00e3o s\u00e3o especialistas do ar-condicionado, n\u00e3o. Policiais com d\u00e9cadas de experi\u00eancia na seguran\u00e7a p\u00fablica, que hoje s\u00e3o parlamentares, \u00e9 que prepararam este projeto do marco legal de combate ao crime organizado\u201d, defendeu.<\/p>\n\n\n\n<p>Gon\u00e7alves informou que j\u00e1 solicitou urg\u00eancia para vota\u00e7\u00e3o do PL n\u00ba 2.646\/2025, que \u201c\u00e9 o marco legal de combate a fac\u00e7\u00f5es criminosas, assim como o projeto de lei, que j\u00e1 teve sua urg\u00eancia aprovada, que trata de equiparar o crime organizado a terrorismo\u201d.<\/p>\n\n\n\n<p>\u201cEssas a\u00e7\u00f5es no Rio de Janeiro deixaram muito claro que n\u00f3s estamos lidando com narcoterroristas, e h\u00e1 uma necessidade de equipararmos esses criminosos a terroristas, que \u00e9 o que eles s\u00e3o\u201d, completou.<\/p>\n\n\n\n<p><strong>Prote\u00e7\u00e3o<\/strong><\/p>\n\n\n\n<p>Para a deputada federal Carla Dickson (Uni\u00e3o Brasil) o que houve no Rio de Janeiro \u201cfoi uma verdadeira faxina que a Pol\u00edcia Militar fez, e veio \u00e0 mente a ADPF 635 do Supremo Tribunal Federal, que protege a popula\u00e7\u00e3o contra os policiais, mas esqueceu de proteger a popula\u00e7\u00e3o dos traficantes, que cada vez mais t\u00eam as suas armas, os armamentos dignos de guerra e terroristas\u201d.<\/p>\n\n\n\n<p><strong>Petistas alegam falta de \u00eaxito na opera\u00e7\u00e3o<\/strong><\/p>\n\n\n\n<p>A deputada federal Nat\u00e1lia Bonavides (PT) considerou a opera\u00e7\u00e3o \u201cdesastrosa\u201d e que \u201cjamais teria acontecido a c\u00e9u aberto em um bairro de Rio. N\u00f3s temos que ter muita aten\u00e7\u00e3o a esse tema, porque \u00e9 uma extens\u00e3o e uma amplia\u00e7\u00e3o do verdadeiro genoc\u00eddio da juventude pobre negra que acontece no nosso pa\u00eds\u201d.<\/p>\n\n\n\n<p>No entendimento de Bonavides, \u201cn\u00e3o h\u00e1 intelig\u00eancia onde h\u00e1 mais de 120 mortes entre inocentes e agentes de seguran\u00e7a, n\u00e3o h\u00e1 \u00eaxito em opera\u00e7\u00f5es quando o resultado que fica \u00e9 um rastro de sangue e tristeza\u201d.<\/p>\n\n\n\n<p>Segundo Bonavides, que defende a aprova\u00e7\u00e3o da PEC da seguran\u00e7a, \u201cmortes n\u00e3o s\u00e3o sin\u00f4nimos de sucesso, nem podem ser transformadas em palanque pol\u00edtico\u201d.<\/p>\n\n\n\n<p>O deputado federal Fernando Mineiro disse que \u201ca postura do governador Cl\u00e1udio Castro foi vergonhosa e eleitoreira\u201d e que ignora propostas como a PEC da Seguran\u00e7a, que \u201cpromove a integra\u00e7\u00e3o federativa, e o PL Antifac\u00e7\u00e3o, que moderniza o combate ao crime organizado por meio de intelig\u00eancia e descapitaliza\u00e7\u00e3o.\u201d<\/p>\n\n\n\n<p>Mineiro acrescenta que seguran\u00e7a p\u00fablica \u201cn\u00e3o \u00e9 guerra\u201d e que a PEC proposta pelo presidente Lula \u201cfortalece o combate ao crime organizado com a\u00e7\u00f5es coordenadas, tecnologia e investiga\u00e7\u00e3o. Nada de opera\u00e7\u00f5es sem rumo ou baseadas em viol\u00eancia, o que o Brasil precisa \u00e9 de estrat\u00e9gia, n\u00e3o de trag\u00e9dia\u201d.<\/p>\n\n\n\n<p>\u201cA PEC da seguran\u00e7a aponta esse caminho e precisa de mobiliza\u00e7\u00e3o social para virar realidade\u201d, cobrou o deputado do PT.<\/p>\n\n\n\n<p>A vereadora Brisa Bracchi (PT) afirma que \u201cn\u00e3o existe sucesso nessa megaopera\u00e7\u00e3o, o que o governador do Rio quer \u00e9 construir um espet\u00e1culo de horror, um espet\u00e1culo que tem um pre\u00e7o caro porque a vida n\u00e3o volta\u201d. Para Bracchi \u201cachar que essa \u00e9 uma disputa de quem defende o bandido. O que eu defendo \u00e9 outro modelo de seguran\u00e7a p\u00fablica. \u00c9 o modelo da Pol\u00edcia Federal, que faz megaopera\u00e7\u00f5es e n\u00e3o deixa um rio de sangue saindo pelo meio das ruas\u201d.<\/p>\n\n\n\n<p><sub>por Tribuna do Norte<\/sub><\/p>\n\n\n\n<p><\/p>\n","protected":false},"excerpt":{"rendered":"<p>A crise da seguran\u00e7a p\u00fablica no pa\u00eds passa por an\u00e1lise pela bancada federal do Rio Grande do Norte, diante da opera\u00e7\u00e3o policial que resultou em 121 mortes no Rio de Janeiro. \u00c9 o caso do secret\u00e1rio nacional do PL, senador Rog\u00e9rio Marinho, que considera o debate importante porque \u201cmostra vis\u00e3o de pa\u00eds, de estado e&#8230;<\/p>\n","protected":false},"author":1,"featured_media":4431,"comment_status":"open","ping_status":"open","sticky":false,"template":"","format":"standard","meta":{"footnotes":""},"categories":[5],"tags":[],"class_list":["post-4430","post","type-post","status-publish","format-standard","has-post-thumbnail","hentry","category-policia"],"_links":{"self":[{"href":"https:\/\/cafecommessias.com.br\/index.php?rest_route=\/wp\/v2\/posts\/4430","targetHints":{"allow":["GET"]}}],"collection":[{"href":"https:\/\/cafecommessias.com.br\/index.php?rest_route=\/wp\/v2\/posts"}],"about":[{"href":"https:\/\/cafecommessias.com.br\/index.php?rest_route=\/wp\/v2\/types\/post"}],"author":[{"embeddable":true,"href":"https:\/\/cafecommessias.com.br\/index.php?rest_route=\/wp\/v2\/users\/1"}],"replies":[{"embeddable":true,"href":"https:\/\/cafecommessias.com.br\/index.php?rest_route=%2Fwp%2Fv2%2Fcomments&post=4430"}],"version-history":[{"count":1,"href":"https:\/\/cafecommessias.com.br\/index.php?rest_route=\/wp\/v2\/posts\/4430\/revisions"}],"predecessor-version":[{"id":4432,"href":"https:\/\/cafecommessias.com.br\/index.php?rest_route=\/wp\/v2\/posts\/4430\/revisions\/4432"}],"wp:featuredmedia":[{"embeddable":true,"href":"https:\/\/cafecommessias.com.br\/index.php?rest_route=\/wp\/v2\/media\/4431"}],"wp:attachment":[{"href":"https:\/\/cafecommessias.com.br\/index.php?rest_route=%2Fwp%2Fv2%2Fmedia&parent=4430"}],"wp:term":[{"taxonomy":"category","embeddable":true,"href":"https:\/\/cafecommessias.com.br\/index.php?rest_route=%2Fwp%2Fv2%2Fcategories&post=4430"},{"taxonomy":"post_tag","embeddable":true,"href":"https:\/\/cafecommessias.com.br\/index.php?rest_route=%2Fwp%2Fv2%2Ftags&post=4430"}],"curies":[{"name":"wp","href":"https:\/\/api.w.org\/{rel}","templated":true}]}}