{"id":4437,"date":"2025-10-31T00:10:56","date_gmt":"2025-10-31T03:10:56","guid":{"rendered":"https:\/\/cafecommessias.com.br\/?p=4437"},"modified":"2025-11-03T00:11:12","modified_gmt":"2025-11-03T03:11:12","slug":"operacao-no-rio-identidade-de-parte-dos-mortos-sera-apresentada-pela-policia-nesta-sexta","status":"publish","type":"post","link":"https:\/\/cafecommessias.com.br\/?p=4437","title":{"rendered":"Opera\u00e7\u00e3o no Rio: identidade de parte dos mortos ser\u00e1 apresentada pela pol\u00edcia nesta sexta"},"content":{"rendered":"\n<p>A Pol\u00edcia Civil do Rio dever\u00e1 apresentar a partir das 11h desta sexta-feira, 31, a lista parcial dos mortos na megaopera\u00e7\u00e3o da ultima ter\u00e7a, 28. Em nota, o governo afirmou que tamb\u00e9m ir\u00e1 apresentar as fichas criminais dos suspeitos. Participam da coletiva: o secret\u00e1rio de Seguran\u00e7a P\u00fablica, Victor dos Santos, o secret\u00e1rio de Pol\u00edcia Civil, delegado Felipe Curi, e outros representantes da institui\u00e7\u00e3o. Tamb\u00e9m ser\u00e3o demonstrados quais eram de fora do Rio de Janeiro e seus estados de origem.<\/p>\n\n\n\n<p>A a\u00e7\u00e3o policial deixou 121 mortos, entre eles quatro policiais. Na noite desta quinta, 30, parlamentares denunciaram as condi\u00e7\u00f5es do Instituto M\u00e9dico-Legal (IML) Afr\u00e2nio Peixoto, no centro do Rio, onde est\u00e3o sendo realizados os exames de necr\u00f3psia dos mortos na megaopera\u00e7\u00e3o dos complexos do Alem\u00e3o e da Penha.<\/p>\n\n\n\n<p>Segundo deputada estadual Dani Monteiro (PSOL-RJ), presidente da Comiss\u00e3o de Direitos Humanos e Cidadania da Assembleia Legislativa do RJ, familiares est\u00e3o dormindo na porta do instituto \u201cconvivendo com o cheiro dos corpos sem refrigera\u00e7\u00e3o\u201d, em meio \u00e0 demora para a libera\u00e7\u00e3o das v\u00edtimas.<\/p>\n\n\n\n<p>\u201cO que vimos nos \u00faltimos dias \u00e9 a face mais cruel da viol\u00eancia de Estado. Fam\u00edlias est\u00e3o dormindo na porta do IML, convivendo com o cheiro dos corpos dos seus entes queridos sem refrigera\u00e7\u00e3o Isso n\u00e3o \u00e9 pol\u00edtica de seguran\u00e7a, \u00e9 abandono estatal\u201d, afirmou Dani Monteiro durante a reuni\u00e3o \u201cRio Sem Massacre\u201d, organizada no audit\u00f3rio da Escola do Legislativo (Elerj).<\/p>\n\n\n\n<p>De acordo com o governo, at\u00e9 a tarde desta quinta-feira, 30, mais da metade dos 117 corpos oficialmente contabilizados j\u00e1 havia sido identificada e havia come\u00e7ado a ser liberada.<\/p>\n\n\n\n<p>O governo do Rio informou que o IML est\u00e1 sendo usado exclusivamente para a necr\u00f3psia dos mortos da opera\u00e7\u00e3o, e que o atendimento \u00e0s fam\u00edlias ocorre em um pr\u00e9dio do Detran, ao lado do instituto. Casos n\u00e3o relacionados \u00e0 a\u00e7\u00e3o policial est\u00e3o sendo direcionados ao IML de Niter\u00f3i, na regi\u00e3o metropolitana.<\/p>\n\n\n\n<p>A Defensoria P\u00fablica do Rio afirmou que foi impedida de acompanhar as per\u00edcias, mas montou uma for\u00e7a-tarefa com 40 profissionais para atender as fam\u00edlias \u2013 106 delas j\u00e1 procuraram o \u00f3rg\u00e3o para obter documentos, solicitar sepultamento gratuito e regularizar traslados de corpos para outros Estados. A defensora Mirela Assad, da Coordena\u00e7\u00e3o Geral de Programas Institucionais (Cogpi), explicou que parte das dificuldades decorre da aus\u00eancia de familiares para identifica\u00e7\u00e3o de suspeitos mortos.<\/p>\n\n\n\n<p>A deputada Dani Monteiro acompanhou durante todo o dia a comitiva do governo federal nas comunidades da Penha e do Alem\u00e3o e no IML, onde prestou acolhimento \u00e0s fam\u00edlias. \u201cDireitos humanos n\u00e3o s\u00e3o obst\u00e1culos, mas a base de uma pol\u00edtica p\u00fablica s\u00e9ria. Nenhuma pol\u00edtica de seguran\u00e7a se sustenta sobre o sangue do seu povo\u201d, disse.<\/p>\n\n\n\n<p>O Minist\u00e9rio P\u00fablico do Rio de Janeiro est\u00e1 utilizando uma tecnologia capaz de reconstruir digitalmente os corpos. A tecnologia registra com fidelidade todas as les\u00f5es externas, auxiliando o trabalho de investiga\u00e7\u00e3o dos promotores.<\/p>\n\n\n\n<p><sub>por Estad\u00e3o Conte\u00fado<\/sub><\/p>\n","protected":false},"excerpt":{"rendered":"<p>A Pol\u00edcia Civil do Rio dever\u00e1 apresentar a partir das 11h desta sexta-feira, 31, a lista parcial dos mortos na megaopera\u00e7\u00e3o da ultima ter\u00e7a, 28. Em nota, o governo afirmou que tamb\u00e9m ir\u00e1 apresentar as fichas criminais dos suspeitos. Participam da coletiva: o secret\u00e1rio de Seguran\u00e7a P\u00fablica, Victor dos Santos, o secret\u00e1rio de Pol\u00edcia Civil,&#8230;<\/p>\n","protected":false},"author":1,"featured_media":4438,"comment_status":"open","ping_status":"open","sticky":false,"template":"","format":"standard","meta":{"footnotes":""},"categories":[23],"tags":[],"class_list":["post-4437","post","type-post","status-publish","format-standard","has-post-thumbnail","hentry","category-crime"],"_links":{"self":[{"href":"https:\/\/cafecommessias.com.br\/index.php?rest_route=\/wp\/v2\/posts\/4437","targetHints":{"allow":["GET"]}}],"collection":[{"href":"https:\/\/cafecommessias.com.br\/index.php?rest_route=\/wp\/v2\/posts"}],"about":[{"href":"https:\/\/cafecommessias.com.br\/index.php?rest_route=\/wp\/v2\/types\/post"}],"author":[{"embeddable":true,"href":"https:\/\/cafecommessias.com.br\/index.php?rest_route=\/wp\/v2\/users\/1"}],"replies":[{"embeddable":true,"href":"https:\/\/cafecommessias.com.br\/index.php?rest_route=%2Fwp%2Fv2%2Fcomments&post=4437"}],"version-history":[{"count":1,"href":"https:\/\/cafecommessias.com.br\/index.php?rest_route=\/wp\/v2\/posts\/4437\/revisions"}],"predecessor-version":[{"id":4439,"href":"https:\/\/cafecommessias.com.br\/index.php?rest_route=\/wp\/v2\/posts\/4437\/revisions\/4439"}],"wp:featuredmedia":[{"embeddable":true,"href":"https:\/\/cafecommessias.com.br\/index.php?rest_route=\/wp\/v2\/media\/4438"}],"wp:attachment":[{"href":"https:\/\/cafecommessias.com.br\/index.php?rest_route=%2Fwp%2Fv2%2Fmedia&parent=4437"}],"wp:term":[{"taxonomy":"category","embeddable":true,"href":"https:\/\/cafecommessias.com.br\/index.php?rest_route=%2Fwp%2Fv2%2Fcategories&post=4437"},{"taxonomy":"post_tag","embeddable":true,"href":"https:\/\/cafecommessias.com.br\/index.php?rest_route=%2Fwp%2Fv2%2Ftags&post=4437"}],"curies":[{"name":"wp","href":"https:\/\/api.w.org\/{rel}","templated":true}]}}