{"id":4445,"date":"2025-10-31T00:25:04","date_gmt":"2025-10-31T03:25:04","guid":{"rendered":"https:\/\/cafecommessias.com.br\/?p=4445"},"modified":"2025-11-03T00:25:44","modified_gmt":"2025-11-03T03:25:44","slug":"america-anuncia-saida-do-volante-ferreira-apos-duas-temporadas","status":"publish","type":"post","link":"https:\/\/cafecommessias.com.br\/?p=4445","title":{"rendered":"Am\u00e9rica anuncia sa\u00edda do volante Ferreira ap\u00f3s duas temporadas"},"content":{"rendered":"\n<p>Ponto final para a passagem do volante Ferreira no Am\u00e9rica. O clube anunciou em publica\u00e7\u00e3o nas redes sociais nesta sexta-feira (31), a sa\u00edda do jogador, de 32 anos, ap\u00f3s duas temporadas, em que se tornou um dos destaques do alvirrubro. Ao todo, foram 73 jogos, quatro gols e duas assist\u00eancias com a camisa americana.<\/p>\n\n\n\n<p>A diretoria da SAF do Am\u00e9rica tinha interesse na perman\u00eancia de Ferreira para 2026, que tinha contrato at\u00e9 o t\u00e9rmino da S\u00e9rie D do Campeonato Brasileiro. No entanto, o jogador optou por seguir a carreira mais pr\u00f3ximo a fam\u00edlia que reside em S\u00e3o Paulo.<\/p>\n\n\n\n<p>\u201cO Am\u00e9rica Futebol Clube SAF agradece por toda a dedica\u00e7\u00e3o e deseja sucesso ao jogador nesta nova etapa da carreira. As portas do Mec\u00e3o estar\u00e3o sempre abertas para voc\u00ea, Guerreiro!\u201d, disse o clube nas redes sociais.<\/p>\n\n\n\n<p>Ferreira chegou ao Am\u00e9rica para a temporada de 2024 ap\u00f3s defender a Aparecidense. Em seu primeiro ano pelo alvirrubro foram 38 jogos disputados, sendo 37 como titular, e um gol marcado. Ap\u00f3s o t\u00e9rmino da S\u00e9rie D, foi emprestado ao Athletic, de Minas Gerais, onde conquistou o acesso \u00e0 S\u00e9rie C de 2025.<\/p>\n\n\n\n<p>Ap\u00f3s o empr\u00e9stimo ao clube de S\u00e3o Jo\u00e3o Del Rei, Ferreira retornou ao Am\u00e9rica. Em 2025, o camisa 33 disputou 35 jogos, todos como titular, anotou tr\u00eas gols e deu duas assist\u00eancias. O gol mais marcante foi pela S\u00e9rie D, na vit\u00f3ria por 1 a 0 sobre o Imperatriz. Na ocasi\u00e3o, ele se emocionou ao dedicar o gol ao pai que havia falecido recentemente.<\/p>\n\n\n\n<p>Durante o per\u00edodo que defendeu o Am\u00e9rica, o volante tamb\u00e9m conquistou o Campeonato Potiguar em duas oportunidades: 2024 e 2025, sendo destaque e pe\u00e7a importante do alvirrubro nas conquistas estaduais.<\/p>\n\n\n\n<p>Ferreira \u00e9 o 11\u00ba jogador do elenco que encerrou a temporada atual a deixar o Am\u00e9rica. Al\u00e9m dele, tamb\u00e9m n\u00e3o seguem no clube para 2026: o goleiro Jonathan, os zagueiros Iran e Heitor, o lateral-esquerdo Rennan Siqueira, os volantes Robson e Marquinhos, o meia \u00cdtalo Melo e os atacantes Giva, Thiaguinho e Thailor.<\/p>\n\n\n\n<p>O Am\u00e9rica tamb\u00e9m busca a renova\u00e7\u00e3o contratual com o meia Souza, destaque do alvirrubro nas \u00faltimas duas temporadas. Conforme apurado pela TRIBUNA DO NORTE, a diretoria da SAF aguarda uma defini\u00e7\u00e3o do camisa oito, que deixou em aberto a possibilidade de se aposentar ao t\u00e9rmino deste ano.<\/p>\n\n\n\n<p><strong>Elenco do Am\u00e9rica para 2026<\/strong><\/p>\n\n\n\n<ul class=\"wp-block-list\">\n<li><strong>Goleiros:<\/strong>\u00a0Renan Bragan\u00e7a, Luc\u00e3o e Lucas Castro<\/li>\n\n\n\n<li><strong>Laterais:<\/strong>\u00a0Lucas Mendes, Ricardo Luz e Charles<\/li>\n\n\n\n<li><strong>Zagueiros:<\/strong>\u00a0Guilherme Para\u00edba, Renzo e Lucas Rodrigues<\/li>\n\n\n\n<li><strong>Volantes:<\/strong>\u00a0Alexandre Aru\u00e1, Judson e Coppetti<\/li>\n\n\n\n<li><strong>Meias:<\/strong>\u00a0Ant\u00f4nio Villa e Henrique<\/li>\n\n\n\n<li><strong>Atacantes:<\/strong>\u00a0Gabriel Lima, Heliardo, Salatiel e Jo\u00e3ozinho<\/li>\n<\/ul>\n\n\n\n<p><sub>por Tribuna do Norte<\/sub><\/p>\n","protected":false},"excerpt":{"rendered":"<p>Ponto final para a passagem do volante Ferreira no Am\u00e9rica. O clube anunciou em publica\u00e7\u00e3o nas redes sociais nesta sexta-feira (31), a sa\u00edda do jogador, de 32 anos, ap\u00f3s duas temporadas, em que se tornou um dos destaques do alvirrubro. Ao todo, foram 73 jogos, quatro gols e duas assist\u00eancias com a camisa americana. A&#8230;<\/p>\n","protected":false},"author":1,"featured_media":4446,"comment_status":"open","ping_status":"open","sticky":false,"template":"","format":"standard","meta":{"footnotes":""},"categories":[20],"tags":[],"class_list":["post-4445","post","type-post","status-publish","format-standard","has-post-thumbnail","hentry","category-esporte"],"_links":{"self":[{"href":"https:\/\/cafecommessias.com.br\/index.php?rest_route=\/wp\/v2\/posts\/4445","targetHints":{"allow":["GET"]}}],"collection":[{"href":"https:\/\/cafecommessias.com.br\/index.php?rest_route=\/wp\/v2\/posts"}],"about":[{"href":"https:\/\/cafecommessias.com.br\/index.php?rest_route=\/wp\/v2\/types\/post"}],"author":[{"embeddable":true,"href":"https:\/\/cafecommessias.com.br\/index.php?rest_route=\/wp\/v2\/users\/1"}],"replies":[{"embeddable":true,"href":"https:\/\/cafecommessias.com.br\/index.php?rest_route=%2Fwp%2Fv2%2Fcomments&post=4445"}],"version-history":[{"count":1,"href":"https:\/\/cafecommessias.com.br\/index.php?rest_route=\/wp\/v2\/posts\/4445\/revisions"}],"predecessor-version":[{"id":4447,"href":"https:\/\/cafecommessias.com.br\/index.php?rest_route=\/wp\/v2\/posts\/4445\/revisions\/4447"}],"wp:featuredmedia":[{"embeddable":true,"href":"https:\/\/cafecommessias.com.br\/index.php?rest_route=\/wp\/v2\/media\/4446"}],"wp:attachment":[{"href":"https:\/\/cafecommessias.com.br\/index.php?rest_route=%2Fwp%2Fv2%2Fmedia&parent=4445"}],"wp:term":[{"taxonomy":"category","embeddable":true,"href":"https:\/\/cafecommessias.com.br\/index.php?rest_route=%2Fwp%2Fv2%2Fcategories&post=4445"},{"taxonomy":"post_tag","embeddable":true,"href":"https:\/\/cafecommessias.com.br\/index.php?rest_route=%2Fwp%2Fv2%2Ftags&post=4445"}],"curies":[{"name":"wp","href":"https:\/\/api.w.org\/{rel}","templated":true}]}}