{"id":4464,"date":"2025-11-03T06:40:57","date_gmt":"2025-11-03T09:40:57","guid":{"rendered":"https:\/\/cafecommessias.com.br\/?p=4464"},"modified":"2025-11-03T06:41:15","modified_gmt":"2025-11-03T09:41:15","slug":"moraes-conduz-audiencia-com-claudio-castro-sobre-megaoperacao-nesta-segunda-03","status":"publish","type":"post","link":"https:\/\/cafecommessias.com.br\/?p=4464","title":{"rendered":"Moraes conduz audi\u00eancia com Cl\u00e1udio Castro sobre megaopera\u00e7\u00e3o nesta segunda (03)"},"content":{"rendered":"\n<p>O ministro Alexandre de Moraes, do Supremo Tribunal Federal (STF), desembarca no Rio de Janeiro nesta segunda-feira (3) para uma audi\u00eancia com o governador Cl\u00e1udio Castro (PL), em meio \u00e0 repercuss\u00e3o da megaopera\u00e7\u00e3o policial que resultou em 121 mortes nos complexos da Penha e do Alem\u00e3o. O encontro ocorre \u00e0s 11h, no Centro Integrado de Comando e Controle, e contar\u00e1 com a presen\u00e7a de autoridades da seguran\u00e7a estadual.<\/p>\n\n\n\n<p>Moraes assumiu temporariamente a relatoria da ADPF das Favelas \u2014 a\u00e7\u00e3o que imp\u00f5e regras \u00e0s opera\u00e7\u00f5es policiais em comunidades \u2014 ap\u00f3s a aposentadoria de Lu\u00eds Roberto Barroso. Ele cobra um relat\u00f3rio completo da opera\u00e7\u00e3o, com justificativas para o uso da for\u00e7a, n\u00famero de agentes e armamentos empregados, al\u00e9m de informa\u00e7\u00f5es sobre mortos, feridos e detidos.<\/p>\n\n\n\n<p>O ministro tamb\u00e9m quer saber se o governo fluminense adotou medidas para prevenir abusos e garantir assist\u00eancia \u00e0s v\u00edtimas, como o uso de c\u00e2meras corporais, atua\u00e7\u00e3o pericial e envio de ambul\u00e2ncias. A cobran\u00e7a acontece ap\u00f3s den\u00fancias de letalidade e viola\u00e7\u00f5es durante a a\u00e7\u00e3o, considerada a mais violenta da hist\u00f3ria recente do Rio.<\/p>\n\n\n\n<p>De acordo com a CNN, Cl\u00e1udio Castro afirmou a parlamentares que o encontro com Moraes ser\u00e1 \u201ct\u00e9cnico\u201d e n\u00e3o \u201cpol\u00edtico\u201d. \u00c0s 18h, o ministro tamb\u00e9m deve se reunir com o prefeito Eduardo Paes (PSD).<\/p>\n\n\n\n<p><em><sub>Por CNN Brasil<\/sub><\/em><\/p>\n\n\n\n<p><\/p>\n","protected":false},"excerpt":{"rendered":"<p>O ministro Alexandre de Moraes, do Supremo Tribunal Federal (STF), desembarca no Rio de Janeiro nesta segunda-feira (3) para uma audi\u00eancia com o governador Cl\u00e1udio Castro (PL), em meio \u00e0 repercuss\u00e3o da megaopera\u00e7\u00e3o policial que resultou em 121 mortes nos complexos da Penha e do Alem\u00e3o. O encontro ocorre \u00e0s 11h, no Centro Integrado de&#8230;<\/p>\n","protected":false},"author":1,"featured_media":4465,"comment_status":"open","ping_status":"closed","sticky":false,"template":"","format":"standard","meta":{"footnotes":""},"categories":[3],"tags":[],"class_list":["post-4464","post","type-post","status-publish","format-standard","has-post-thumbnail","hentry","category-geral"],"_links":{"self":[{"href":"https:\/\/cafecommessias.com.br\/index.php?rest_route=\/wp\/v2\/posts\/4464","targetHints":{"allow":["GET"]}}],"collection":[{"href":"https:\/\/cafecommessias.com.br\/index.php?rest_route=\/wp\/v2\/posts"}],"about":[{"href":"https:\/\/cafecommessias.com.br\/index.php?rest_route=\/wp\/v2\/types\/post"}],"author":[{"embeddable":true,"href":"https:\/\/cafecommessias.com.br\/index.php?rest_route=\/wp\/v2\/users\/1"}],"replies":[{"embeddable":true,"href":"https:\/\/cafecommessias.com.br\/index.php?rest_route=%2Fwp%2Fv2%2Fcomments&post=4464"}],"version-history":[{"count":1,"href":"https:\/\/cafecommessias.com.br\/index.php?rest_route=\/wp\/v2\/posts\/4464\/revisions"}],"predecessor-version":[{"id":4466,"href":"https:\/\/cafecommessias.com.br\/index.php?rest_route=\/wp\/v2\/posts\/4464\/revisions\/4466"}],"wp:featuredmedia":[{"embeddable":true,"href":"https:\/\/cafecommessias.com.br\/index.php?rest_route=\/wp\/v2\/media\/4465"}],"wp:attachment":[{"href":"https:\/\/cafecommessias.com.br\/index.php?rest_route=%2Fwp%2Fv2%2Fmedia&parent=4464"}],"wp:term":[{"taxonomy":"category","embeddable":true,"href":"https:\/\/cafecommessias.com.br\/index.php?rest_route=%2Fwp%2Fv2%2Fcategories&post=4464"},{"taxonomy":"post_tag","embeddable":true,"href":"https:\/\/cafecommessias.com.br\/index.php?rest_route=%2Fwp%2Fv2%2Ftags&post=4464"}],"curies":[{"name":"wp","href":"https:\/\/api.w.org\/{rel}","templated":true}]}}