{"id":4467,"date":"2025-11-03T06:42:53","date_gmt":"2025-11-03T09:42:53","guid":{"rendered":"https:\/\/cafecommessias.com.br\/?p=4467"},"modified":"2025-11-03T06:43:11","modified_gmt":"2025-11-03T09:43:11","slug":"trump-diz-que-dias-de-maduro-estao-contados-mas-evita-confirmar-acao-militar-na-venezuela","status":"publish","type":"post","link":"https:\/\/cafecommessias.com.br\/?p=4467","title":{"rendered":"Trump diz que \u201cdias de Maduro est\u00e3o contados\u201d, mas evita confirmar a\u00e7\u00e3o militar na Venezuela"},"content":{"rendered":"\n<p>O presidente dos Estados Unidos, Donald Trump, afirmou neste domingo (2) que acredita que o tempo de Nicol\u00e1s Maduro no comando da Venezuela \u201cest\u00e1 chegando ao fim\u201d. A declara\u00e7\u00e3o foi dada durante entrevista ao programa&nbsp;<em>60 Minutes<\/em>, da rede CBS.<\/p>\n\n\n\n<p>\u201cEu diria que sim. Acho que sim\u201d, respondeu Trump ao ser questionado se os dias de Maduro como presidente estavam contados. No entanto, o republicano evitou confirmar se Washington prepara uma ofensiva militar em solo venezuelano.<\/p>\n\n\n\n<p>\u201cQuer dizer, n\u00e3o estou dizendo que \u00e9 verdade ou mentira. N\u00e3o vou dizer o que vou fazer com a Venezuela, se vou fazer ou n\u00e3o\u201d, afirmou.<\/p>\n\n\n\n<p>Mais cedo, Trump tamb\u00e9m havia minimizado a possibilidade de uma guerra contra o pa\u00eds vizinho, mesmo ap\u00f3s o aumento da presen\u00e7a militar americana pr\u00f3ximo \u00e0 costa venezuelana. \u201cDuvido. N\u00e3o acho que v\u00e1 acontecer\u201d, declarou.<\/p>\n\n\n\n<p>Nos \u00faltimos dois meses, as for\u00e7as armadas dos EUA intensificaram ataques contra embarca\u00e7\u00f5es suspeitas de envolvimento com o narcotr\u00e1fico em \u00e1guas internacionais \u2014 o que elevou a tens\u00e3o na regi\u00e3o e reacendeu especula\u00e7\u00f5es sobre novas a\u00e7\u00f5es contra o regime de Maduro.<\/p>\n","protected":false},"excerpt":{"rendered":"<p>O presidente dos Estados Unidos, Donald Trump, afirmou neste domingo (2) que acredita que o tempo de Nicol\u00e1s Maduro no comando da Venezuela \u201cest\u00e1 chegando ao fim\u201d. A declara\u00e7\u00e3o foi dada durante entrevista ao programa&nbsp;60 Minutes, da rede CBS. \u201cEu diria que sim. Acho que sim\u201d, respondeu Trump ao ser questionado se os dias de&#8230;<\/p>\n","protected":false},"author":1,"featured_media":4468,"comment_status":"open","ping_status":"closed","sticky":false,"template":"","format":"standard","meta":{"footnotes":""},"categories":[2],"tags":[],"class_list":["post-4467","post","type-post","status-publish","format-standard","has-post-thumbnail","hentry","category-internacional"],"_links":{"self":[{"href":"https:\/\/cafecommessias.com.br\/index.php?rest_route=\/wp\/v2\/posts\/4467","targetHints":{"allow":["GET"]}}],"collection":[{"href":"https:\/\/cafecommessias.com.br\/index.php?rest_route=\/wp\/v2\/posts"}],"about":[{"href":"https:\/\/cafecommessias.com.br\/index.php?rest_route=\/wp\/v2\/types\/post"}],"author":[{"embeddable":true,"href":"https:\/\/cafecommessias.com.br\/index.php?rest_route=\/wp\/v2\/users\/1"}],"replies":[{"embeddable":true,"href":"https:\/\/cafecommessias.com.br\/index.php?rest_route=%2Fwp%2Fv2%2Fcomments&post=4467"}],"version-history":[{"count":1,"href":"https:\/\/cafecommessias.com.br\/index.php?rest_route=\/wp\/v2\/posts\/4467\/revisions"}],"predecessor-version":[{"id":4469,"href":"https:\/\/cafecommessias.com.br\/index.php?rest_route=\/wp\/v2\/posts\/4467\/revisions\/4469"}],"wp:featuredmedia":[{"embeddable":true,"href":"https:\/\/cafecommessias.com.br\/index.php?rest_route=\/wp\/v2\/media\/4468"}],"wp:attachment":[{"href":"https:\/\/cafecommessias.com.br\/index.php?rest_route=%2Fwp%2Fv2%2Fmedia&parent=4467"}],"wp:term":[{"taxonomy":"category","embeddable":true,"href":"https:\/\/cafecommessias.com.br\/index.php?rest_route=%2Fwp%2Fv2%2Fcategories&post=4467"},{"taxonomy":"post_tag","embeddable":true,"href":"https:\/\/cafecommessias.com.br\/index.php?rest_route=%2Fwp%2Fv2%2Ftags&post=4467"}],"curies":[{"name":"wp","href":"https:\/\/api.w.org\/{rel}","templated":true}]}}