{"id":453,"date":"2025-07-13T07:22:33","date_gmt":"2025-07-13T10:22:33","guid":{"rendered":"http:\/\/cafecommessias.com.br\/?p=453"},"modified":"2025-07-13T07:23:15","modified_gmt":"2025-07-13T10:23:15","slug":"ministro-muda-slogan-de-governo-e-vai-usar-estrategia-nacionalista-por-popularidade-de-lula","status":"publish","type":"post","link":"https:\/\/cafecommessias.com.br\/?p=453","title":{"rendered":"Ministro muda slogan de governo e vai usar estrat\u00e9gia nacionalista por popularidade de Lula"},"content":{"rendered":"\n<p>A um ano e tr\u00eas meses das elei\u00e7\u00f5es de 2026, o governo Lula vai mudar o slogan, na tentativa de mostrar que sua identidade n\u00e3o pode ser confundida com a do Centr\u00e3o. O mote \u201cUni\u00e3o e Reconstru\u00e7\u00e3o\u201d ser\u00e1 substitu\u00eddo agora pela ideia de que o terceiro mandato do presidente Luiz In\u00e1cio Lula da Silva (PT) tem lado.<\/p>\n\n\n\n<p>A estrat\u00e9gia para recuperar a popularidade perdida consiste em focar a propaganda oficial na seguinte mensagem: combater privil\u00e9gios significa abrir espa\u00e7o para que mais gente prospere na vida. Na pr\u00e1tica, o governo quer ir al\u00e9m da toada \u201cricos contra pobres\u201d.<\/p>\n\n\n\n<figure class=\"wp-block-image size-full\"><img loading=\"lazy\" decoding=\"async\" width=\"750\" height=\"200\" src=\"http:\/\/cafecommessias.com.br\/wp-content\/uploads\/2025\/07\/4442164053972871597-2.gif\" alt=\"\" class=\"wp-image-456\"\/><\/figure>\n\n\n\n<p>A ordem \u00e9 bater na tecla de que programas lan\u00e7ados recentemente, como os que preveem linhas de cr\u00e9dito mais baratas para a reforma de casa e para microempreendedores, tamb\u00e9m beneficiam a classe m\u00e9dia.<\/p>\n\n\n\n<p>Ministros t\u00eam sido orientados a destacar em entrevistas que o principal advers\u00e1rio do Pa\u00eds \u00e9 o sistema de desigualdade, montado para favorecer 1% da popula\u00e7\u00e3o contra 99%. Para exemplificar esse racioc\u00ednio, devem dizer que, enquanto a maior parte dos brasileiros enfrenta uma jornada pesada, fila de \u00f4nibus e tr\u00e2nsito, impostos que levam mais de 20% dos sal\u00e1rios de professores e at\u00e9 de pequenos comerciantes aliviam a carga de quem nasceu cercado por privil\u00e9gios.<\/p>\n\n\n\n<p>O Pal\u00e1cio do Planalto encomendou pesquisas qualitativas, que medem as percep\u00e7\u00f5es dos eleitores, para definir o novo slogan do governo e as consultas ainda est\u00e3o em andamento. J\u00e1 se sabe, por\u00e9m, que o lema vai misturar os conceitos de trabalho, justi\u00e7a social e enfrentamento aos privil\u00e9gios com a defesa do Brasil. O toque nacionalista ganhou for\u00e7a ap\u00f3s a ofensiva do presidente dos Estados Unidos, Donald Trump, contra o Pa\u00eds.<\/p>\n\n\n\n<p>O ministro-chefe da Secretaria de Comunica\u00e7\u00e3o Social (Secom), Sid\u00f4nio Palmeira, tem conversado com os colegas sobre essa nova linha, que recebeu sinal verde de Lula. Nos bastidores, auxiliares do presidente afirmam que um governo de coaliz\u00e3o \u2013 no qual cada um puxa para um lado \u2013 acaba sem identidade. \u00c9 por isso que, hoje, todas as iniciativas de ministros t\u00eam de passar pelo crivo da Secom.<\/p>\n\n\n\n<p>Levantamentos do Planalto e do PT revelam que eleitores est\u00e3o desencantados porque esperavam mais de Lula do que a reedi\u00e7\u00e3o de programas como o Bolsa Fam\u00edlia, o Farm\u00e1cia Popular e o Minha Casa, Minha Vida. No diagn\u00f3stico dos entrevistados, essas a\u00e7\u00f5es j\u00e1 \u201cfazem parte da paisagem\u201d e \u00e9 preciso ir muito al\u00e9m disso.<\/p>\n\n\n\n<p>A troca do slogan \u201cUni\u00e3o e Reconstru\u00e7\u00e3o\u201d por um mote que indique o rumo da segunda metade do governo e aponte para 2026, quando o presidente deve disputar novo mandato, j\u00e1 vinha sendo planejada por Sid\u00f4nio.<\/p>\n\n\n\n<p>Tudo foi acelerado, no entanto, ap\u00f3s a crise entre o governo e o Congresso por causa do decreto que prev\u00ea o aumento de al\u00edquotas do Imposto sobre Opera\u00e7\u00f5es Financeiras (IOF).<\/p>\n\n\n\n<p>Partidos que ocupam 14 minist\u00e9rios e n\u00e3o pretendem apoiar o PT nas elei\u00e7\u00f5es de 2026 \u2013 a maioria deles do Centr\u00e3o \u2013 ajudaram a derrubar o decreto de Lula, que, por sua vez, recorreu ao Supremo Tribunal Federal (STF). O ministro da Fazenda, Fernando Haddad, alega que a equipe econ\u00f4mica precisa dos R$ 10 bilh\u00f5es previstos com as mudan\u00e7as no IOF para fechar as contas p\u00fablicas.<\/p>\n\n\n\n<p>Uma audi\u00eancia de concilia\u00e7\u00e3o entre as partes foi marcada pelo ministro do STF Alexandre de Moraes para ter\u00e7a-feira, 15. O magistrado suspendeu todas as decis\u00f5es tomadas at\u00e9 agora. O imbr\u00f3glio estremeceu a rela\u00e7\u00e3o entre Lula e a c\u00fapula do Congresso, principalmente com o presidente da C\u00e2mara, Hugo Motta (Republicanos-PB).<\/p>\n\n\n\n<p>Nessa queda de bra\u00e7o, uma campanha do PT nas redes sociais martelou que Lula quer cobrar mais tributos do \u201candar de cima\u201d, chamado agora de BBB (Bilion\u00e1rios, Bancos e Bets), para levar adiante a proposta de isentar quem ganha at\u00e9 R$ 5 mil do Imposto de Renda. Monitoramentos feitos pelo Planalto indicaram que a t\u00e1tica foi bem-sucedida.<\/p>\n\n\n\n<p>Na quarta-feira, 9, ap\u00f3s Trump anunciar a taxa\u00e7\u00e3o de 50% sobre produtos brasileiros e justificar a medida sob a alega\u00e7\u00e3o de que o julgamento do ex-presidente Jair Bolsonaro (PL) por suposta tentativa de golpe n\u00e3o deveria ocorrer, Lula voltou a usar o bon\u00e9 com o slogan \u201cO Brasil \u00e9 dos brasileiros\u201d.<\/p>\n\n\n\n<p>Publicit\u00e1rio que comandou a campanha petista, em 2022, Sid\u00f4nio completa seis meses \u00e0 frente da Secom na segunda-feira, 14. Neste per\u00edodo, enfrentou uma crise atr\u00e1s da outra, atuou como bombeiro, mas tamb\u00e9m comprou muitas brigas, at\u00e9 mesmo com Haddad.<\/p>\n\n\n\n<p><sub>Por <strong>Estad\u00e3o<\/strong><\/sub><\/p>\n","protected":false},"excerpt":{"rendered":"<p>A um ano e tr\u00eas meses das elei\u00e7\u00f5es de 2026, o governo Lula vai mudar o slogan, na tentativa de mostrar que sua identidade n\u00e3o pode ser confundida com a do Centr\u00e3o. O mote \u201cUni\u00e3o e Reconstru\u00e7\u00e3o\u201d ser\u00e1 substitu\u00eddo agora pela ideia de que o terceiro mandato do presidente Luiz In\u00e1cio Lula da Silva (PT)&#8230;<\/p>\n","protected":false},"author":1,"featured_media":454,"comment_status":"open","ping_status":"closed","sticky":false,"template":"","format":"standard","meta":{"footnotes":""},"categories":[6],"tags":[],"class_list":["post-453","post","type-post","status-publish","format-standard","has-post-thumbnail","hentry","category-politica"],"_links":{"self":[{"href":"https:\/\/cafecommessias.com.br\/index.php?rest_route=\/wp\/v2\/posts\/453","targetHints":{"allow":["GET"]}}],"collection":[{"href":"https:\/\/cafecommessias.com.br\/index.php?rest_route=\/wp\/v2\/posts"}],"about":[{"href":"https:\/\/cafecommessias.com.br\/index.php?rest_route=\/wp\/v2\/types\/post"}],"author":[{"embeddable":true,"href":"https:\/\/cafecommessias.com.br\/index.php?rest_route=\/wp\/v2\/users\/1"}],"replies":[{"embeddable":true,"href":"https:\/\/cafecommessias.com.br\/index.php?rest_route=%2Fwp%2Fv2%2Fcomments&post=453"}],"version-history":[{"count":2,"href":"https:\/\/cafecommessias.com.br\/index.php?rest_route=\/wp\/v2\/posts\/453\/revisions"}],"predecessor-version":[{"id":457,"href":"https:\/\/cafecommessias.com.br\/index.php?rest_route=\/wp\/v2\/posts\/453\/revisions\/457"}],"wp:featuredmedia":[{"embeddable":true,"href":"https:\/\/cafecommessias.com.br\/index.php?rest_route=\/wp\/v2\/media\/454"}],"wp:attachment":[{"href":"https:\/\/cafecommessias.com.br\/index.php?rest_route=%2Fwp%2Fv2%2Fmedia&parent=453"}],"wp:term":[{"taxonomy":"category","embeddable":true,"href":"https:\/\/cafecommessias.com.br\/index.php?rest_route=%2Fwp%2Fv2%2Fcategories&post=453"},{"taxonomy":"post_tag","embeddable":true,"href":"https:\/\/cafecommessias.com.br\/index.php?rest_route=%2Fwp%2Fv2%2Ftags&post=453"}],"curies":[{"name":"wp","href":"https:\/\/api.w.org\/{rel}","templated":true}]}}