{"id":4605,"date":"2025-11-04T00:53:35","date_gmt":"2025-11-04T03:53:35","guid":{"rendered":"https:\/\/cafecommessias.com.br\/?p=4605"},"modified":"2025-11-04T00:53:36","modified_gmt":"2025-11-04T03:53:36","slug":"castro-diz-a-moraes-que-operacao-com-121-mortos-seguiu-regras-e-usou-violencia-proporcional","status":"publish","type":"post","link":"https:\/\/cafecommessias.com.br\/?p=4605","title":{"rendered":"Castro diz a Moraes que opera\u00e7\u00e3o com 121 mortos seguiu regras e usou viol\u00eancia &#8216;proporcional&#8217;"},"content":{"rendered":"\n<p>Governo do RJ enviou ao STF informa\u00e7\u00f5es solicitadas pelo ministro, que foi ao Rio nesta segunda-feira (3) para se encontrar com o governador e outras autoridades.<\/p>\n\n\n\n<p>O governo do Rio de Janeiro enviou nesta segunda-feira (3) ao Supremo Tribunal Federal (STF) um relat\u00f3rio em que afirma que a\u00a0megaopera\u00e7\u00e3o de ter\u00e7a-feira (28) nos complexos da Penha e do Alem\u00e3o\u00a0respeitou as determina\u00e7\u00f5es da Corte, usou for\u00e7a &#8220;proporcional&#8221; e foi planejada para enfrentar uma fac\u00e7\u00e3o \u201caltamente armada e estruturada\u201d.<\/p>\n\n\n\n<p>A a\u00e7\u00e3o deixou\u00a0117 suspeitos mortos,\u00a0segundo dados oficiais \u2014 o maior n\u00famero j\u00e1 registrado em uma opera\u00e7\u00e3o policial no estado.\u00a0<strong>Quatro policiais tamb\u00e9m morreram<\/strong>.<\/p>\n\n\n\n<p>O documento foi encaminhado ao ministro Alexandre de Moraes, com quem\u00a0Castro se encontrou nesta segunda no Rio de Janeiro, em reuni\u00e3o com autoridades de seguran\u00e7a do Rio sobre a megaopera\u00e7\u00e3o.<\/p>\n\n\n\n<p>Moraes \u00e9 relator da ADPF 635, conhecida como ADPF das Favelas, que regula a\u00e7\u00f5es policiais em favelas do Rio (entenda aqui). A Corte pediu esclarecimentos sobre o planejamento, emprego de for\u00e7a, atendimento a feridos, preserva\u00e7\u00e3o de cenas de crime e mecanismos de controle.<\/p>\n\n\n\n<p><em>\ud83d\udd0eADPF \u00e9 uma sigla para Argui\u00e7\u00e3o de Descumprimento de Preceito Fundamental. Trata-se de uma a\u00e7\u00e3o apresentada ao STF com o objetivo de evitar ou reparar uma les\u00e3o a um preceito da Constitui\u00e7\u00e3o Federal causada por um ato do Poder P\u00fablico.<\/em><\/p>\n\n\n\n<h3 class=\"wp-block-heading\">Planejamento e efetivo<\/h3>\n\n\n\n<p>De acordo com o governo, a opera\u00e7\u00e3o mobilizou 2.500 agentes, sendo 1.800 policiais militares e 650 civis, e foi precedida por um ano de investiga\u00e7\u00e3o e 60 dias de planejamento t\u00e1tico.<\/p>\n\n\n\n<p>O alvo principal, segundo o documento, era o n\u00facleo do Comando Vermelho no Complexo da Penha, sob a lideran\u00e7a de Edgar Alves de Andrade, o Doca ou Urso. O Estado diz que a fac\u00e7\u00e3o usava armas de guerra, bloqueios, drones com explosivos e estruturas de defesa em \u00e1rea de mata.<\/p>\n\n\n\n<h3 class=\"wp-block-heading\">Governo fala em \u201cuso proporcional da for\u00e7a\u201d<\/h3>\n\n\n\n<p>No relat\u00f3rio, o governo afirma que a opera\u00e7\u00e3o seguiu par\u00e2metros de&nbsp;<strong>legalidade, necessidade e proporcionalidade<\/strong>&nbsp;e que o confronto foi concentrado em \u00e1rea de mata para evitar riscos \u00e0 popula\u00e7\u00e3o.<\/p>\n\n\n\n<p>O texto diz que n\u00e3o houve mortes de \u201cpessoas n\u00e3o pertencentes \u00e0 organiza\u00e7\u00e3o criminosa\u201d e afirma que policiais tinham c\u00e2meras corporais, com supervis\u00e3o das corregedorias e do Minist\u00e9rio P\u00fablico.<\/p>\n\n\n\n<h3 class=\"wp-block-heading\">Retirada de corpos e per\u00edcia<\/h3>\n\n\n\n<p>O governo admite dificuldades para preservar a cena de crime devido ao confronto e relata que corpos foram retirados por moradores e levados para o Hospital Get\u00falio Vargas e para a Pra\u00e7a da Penha antes da chegada da per\u00edcia. Um inqu\u00e9rito foi aberto para investigar poss\u00edvel fraude processual.<\/p>\n\n\n\n<p>Mesmo assim, o Estado afirma que todos os corpos foram periciados, com acompanhamento do Minist\u00e9rio P\u00fablico.<\/p>\n\n\n\n<p><sub>Por\u00a0g1 Rio<\/sub><\/p>\n","protected":false},"excerpt":{"rendered":"<p>Governo do RJ enviou ao STF informa\u00e7\u00f5es solicitadas pelo ministro, que foi ao Rio nesta segunda-feira (3) para se encontrar com o governador e outras autoridades. O governo do Rio de Janeiro enviou nesta segunda-feira (3) ao Supremo Tribunal Federal (STF) um relat\u00f3rio em que afirma que a\u00a0megaopera\u00e7\u00e3o de ter\u00e7a-feira (28) nos complexos da Penha&#8230;<\/p>\n","protected":false},"author":1,"featured_media":4606,"comment_status":"open","ping_status":"open","sticky":false,"template":"","format":"standard","meta":{"footnotes":""},"categories":[39],"tags":[],"class_list":["post-4605","post","type-post","status-publish","format-standard","has-post-thumbnail","hentry","category-justica"],"_links":{"self":[{"href":"https:\/\/cafecommessias.com.br\/index.php?rest_route=\/wp\/v2\/posts\/4605","targetHints":{"allow":["GET"]}}],"collection":[{"href":"https:\/\/cafecommessias.com.br\/index.php?rest_route=\/wp\/v2\/posts"}],"about":[{"href":"https:\/\/cafecommessias.com.br\/index.php?rest_route=\/wp\/v2\/types\/post"}],"author":[{"embeddable":true,"href":"https:\/\/cafecommessias.com.br\/index.php?rest_route=\/wp\/v2\/users\/1"}],"replies":[{"embeddable":true,"href":"https:\/\/cafecommessias.com.br\/index.php?rest_route=%2Fwp%2Fv2%2Fcomments&post=4605"}],"version-history":[{"count":1,"href":"https:\/\/cafecommessias.com.br\/index.php?rest_route=\/wp\/v2\/posts\/4605\/revisions"}],"predecessor-version":[{"id":4607,"href":"https:\/\/cafecommessias.com.br\/index.php?rest_route=\/wp\/v2\/posts\/4605\/revisions\/4607"}],"wp:featuredmedia":[{"embeddable":true,"href":"https:\/\/cafecommessias.com.br\/index.php?rest_route=\/wp\/v2\/media\/4606"}],"wp:attachment":[{"href":"https:\/\/cafecommessias.com.br\/index.php?rest_route=%2Fwp%2Fv2%2Fmedia&parent=4605"}],"wp:term":[{"taxonomy":"category","embeddable":true,"href":"https:\/\/cafecommessias.com.br\/index.php?rest_route=%2Fwp%2Fv2%2Fcategories&post=4605"},{"taxonomy":"post_tag","embeddable":true,"href":"https:\/\/cafecommessias.com.br\/index.php?rest_route=%2Fwp%2Fv2%2Ftags&post=4605"}],"curies":[{"name":"wp","href":"https:\/\/api.w.org\/{rel}","templated":true}]}}