{"id":4608,"date":"2025-11-04T00:58:36","date_gmt":"2025-11-04T03:58:36","guid":{"rendered":"https:\/\/cafecommessias.com.br\/?p=4608"},"modified":"2025-11-04T01:05:46","modified_gmt":"2025-11-04T04:05:46","slug":"ifrn-abre-800-vagas-para-cursos-tecnicos-gratuitos-veja-como-se-inscrever","status":"publish","type":"post","link":"https:\/\/cafecommessias.com.br\/?p=4608","title":{"rendered":"IFRN abre 800 vagas para cursos t\u00e9cnicos gratuitos; veja como se inscrever"},"content":{"rendered":"\n<p>Inscri\u00e7\u00f5es come\u00e7am em 5 de novembro e seguem at\u00e9 7 de dezembro; sele\u00e7\u00e3o ser\u00e1 por sorteio eletr\u00f4nico<\/p>\n\n\n\n<p>O Instituto Federal do Rio Grande do Norte (IFRN) abriu 800 vagas para cursos t\u00e9cnicos de n\u00edvel m\u00e9dio na forma subsequente, com ingresso previsto para o primeiro semestre de 2026. As vagas s\u00e3o distribu\u00eddas entre os campi de Mossor\u00f3, Natal-Central, Natal-Centro Hist\u00f3rico, Natal-Zona Norte, Nova Cruz, Parelhas e Parnamirim.<\/p>\n\n\n\n<p>O processo seletivo \u00e9 voltado a quem j\u00e1 concluiu o ensino m\u00e9dio e busca aperfei\u00e7oar a forma\u00e7\u00e3o com uma habilita\u00e7\u00e3o t\u00e9cnica. As inscri\u00e7\u00f5es acontecem de 5 de novembro a 7 de dezembro de 2025, exclusivamente pela internet, no Portal do Candidato do IFRN, e custam R$ 25.<\/p>\n\n\n\n<p>Pessoas inscritas no Cadastro \u00danico para Programas Sociais do Governo Federal (Cad\u00danico) podem solicitar isen\u00e7\u00e3o da taxa entre 5 e 16 de novembro. O ingresso ser\u00e1 definido por sorteio eletr\u00f4nico entre os inscritos. De acordo com o IFRN, o sistema \u00e9 totalmente automatizado e garante transpar\u00eancia no processo, sem aplica\u00e7\u00e3o de provas. O resultado final tem divulga\u00e7\u00e3o prevista para 4 de fevereiro de 2026.<\/p>\n\n\n\n<p>Os cursos t\u00e9cnicos t\u00eam dura\u00e7\u00e3o m\u00e9dia de dois anos e combinam forma\u00e7\u00e3o te\u00f3rica e pr\u00e1tica, preparando o estudante para atuar em setores produtivos, servi\u00e7os, ind\u00fastrias, com\u00e9rcio e gest\u00e3o, conforme o eixo tecnol\u00f3gico escolhido.<\/p>\n\n\n\n<h3 class=\"wp-block-heading\">Como se inscrever<\/h3>\n\n\n\n<p>Para se inscrever, o candidato deve:<\/p>\n\n\n\n<ol class=\"wp-block-list\">\n<li>Acessar o Sistema Gestor de Concursos (SGC) do IFRN e criar uma nova conta;<\/li>\n\n\n\n<li>Preencher os dados solicitados e ativar a conta por meio do link enviado ao e-mail cadastrado;<\/li>\n\n\n\n<li>Entrar no sistema com CPF e senha, selecionar o concurso e a oferta de curso desejada, preencher as informa\u00e7\u00f5es e confirmar a inscri\u00e7\u00e3o.<\/li>\n<\/ol>\n\n\n\n<h3 class=\"wp-block-heading\">Cursos e vagas<\/h3>\n\n\n\n<p>&nbsp;<strong>Mossor\u00f3<\/strong><\/p>\n\n\n\n<ul class=\"wp-block-list\">\n<li>Edifica\u00e7\u00f5es (Noturno) \u2013 40 vagas<\/li>\n\n\n\n<li>Eletrot\u00e9cnica (Noturno) \u2013 40<\/li>\n\n\n\n<li>Inform\u00e1tica (Vespertino) \u2013 40<\/li>\n\n\n\n<li>Mec\u00e2nica (Matutino) \u2013 40<\/li>\n<\/ul>\n\n\n\n<p><strong>Natal \u2013 Central<\/strong><\/p>\n\n\n\n<ul class=\"wp-block-list\">\n<li>Eletrot\u00e9cnica (Vespertino) \u2013 40<\/li>\n\n\n\n<li>Mec\u00e2nica (Noturno) \u2013 40<\/li>\n\n\n\n<li>Petr\u00f3leo e G\u00e1s (Noturno) \u2013 40<\/li>\n\n\n\n<li>Edifica\u00e7\u00f5es (Vespertino) \u2013 40<\/li>\n\n\n\n<li>Edifica\u00e7\u00f5es (Noturno) \u2013 40<\/li>\n\n\n\n<li>Estradas (Noturno) \u2013 40<\/li>\n\n\n\n<li>Minera\u00e7\u00e3o (Vespertino) \u2013 40<\/li>\n\n\n\n<li>Seguran\u00e7a do Trabalho (Vespertino) \u2013 40<\/li>\n\n\n\n<li>Seguran\u00e7a do Trabalho (Noturno) \u2013 40<\/li>\n<\/ul>\n\n\n\n<p><strong>Natal \u2013 Centro Hist\u00f3rico<\/strong><\/p>\n\n\n\n<ul class=\"wp-block-list\">\n<li>Eventos (Vespertino) \u2013 40<\/li>\n\n\n\n<li>Guia de Turismo (Noturno) \u2013 40<\/li>\n\n\n\n<li>Produ\u00e7\u00e3o de \u00c1udio e V\u00eddeo (Matutino) \u2013 40<\/li>\n<\/ul>\n\n\n\n<p><strong>Natal \u2013 Zona Norte<\/strong><\/p>\n\n\n\n<p>Manuten\u00e7\u00e3o e Suporte em Inform\u00e1tica (Matutino) \u2013 40<\/p>\n\n\n\n<p><strong>Nova Cruz<\/strong><\/p>\n\n\n\n<p>Administra\u00e7\u00e3o (Matutino) \u2013 40<\/p>\n\n\n\n<p><strong>Parelhas<\/strong><\/p>\n\n\n\n<p>Minera\u00e7\u00e3o (Vespertino) \u2013 40<\/p>\n\n\n\n<p><strong>Parnamirim<\/strong><\/p>\n\n\n\n<p>Redes de Computadores (Noturno) \u2013 40<\/p>\n\n\n\n<p><sub>por Agora RN<\/sub><\/p>\n\n\n\n<p><\/p>\n","protected":false},"excerpt":{"rendered":"<p>Inscri\u00e7\u00f5es come\u00e7am em 5 de novembro e seguem at\u00e9 7 de dezembro; sele\u00e7\u00e3o ser\u00e1 por sorteio eletr\u00f4nico O Instituto Federal do Rio Grande do Norte (IFRN) abriu 800 vagas para cursos t\u00e9cnicos de n\u00edvel m\u00e9dio na forma subsequente, com ingresso previsto para o primeiro semestre de 2026. As vagas s\u00e3o distribu\u00eddas entre os campi de&#8230;<\/p>\n","protected":false},"author":1,"featured_media":4609,"comment_status":"open","ping_status":"open","sticky":false,"template":"","format":"standard","meta":{"footnotes":""},"categories":[3],"tags":[],"class_list":["post-4608","post","type-post","status-publish","format-standard","has-post-thumbnail","hentry","category-geral"],"_links":{"self":[{"href":"https:\/\/cafecommessias.com.br\/index.php?rest_route=\/wp\/v2\/posts\/4608","targetHints":{"allow":["GET"]}}],"collection":[{"href":"https:\/\/cafecommessias.com.br\/index.php?rest_route=\/wp\/v2\/posts"}],"about":[{"href":"https:\/\/cafecommessias.com.br\/index.php?rest_route=\/wp\/v2\/types\/post"}],"author":[{"embeddable":true,"href":"https:\/\/cafecommessias.com.br\/index.php?rest_route=\/wp\/v2\/users\/1"}],"replies":[{"embeddable":true,"href":"https:\/\/cafecommessias.com.br\/index.php?rest_route=%2Fwp%2Fv2%2Fcomments&post=4608"}],"version-history":[{"count":2,"href":"https:\/\/cafecommessias.com.br\/index.php?rest_route=\/wp\/v2\/posts\/4608\/revisions"}],"predecessor-version":[{"id":4612,"href":"https:\/\/cafecommessias.com.br\/index.php?rest_route=\/wp\/v2\/posts\/4608\/revisions\/4612"}],"wp:featuredmedia":[{"embeddable":true,"href":"https:\/\/cafecommessias.com.br\/index.php?rest_route=\/wp\/v2\/media\/4609"}],"wp:attachment":[{"href":"https:\/\/cafecommessias.com.br\/index.php?rest_route=%2Fwp%2Fv2%2Fmedia&parent=4608"}],"wp:term":[{"taxonomy":"category","embeddable":true,"href":"https:\/\/cafecommessias.com.br\/index.php?rest_route=%2Fwp%2Fv2%2Fcategories&post=4608"},{"taxonomy":"post_tag","embeddable":true,"href":"https:\/\/cafecommessias.com.br\/index.php?rest_route=%2Fwp%2Fv2%2Ftags&post=4608"}],"curies":[{"name":"wp","href":"https:\/\/api.w.org\/{rel}","templated":true}]}}