{"id":4616,"date":"2025-11-04T06:14:23","date_gmt":"2025-11-04T09:14:23","guid":{"rendered":"https:\/\/cafecommessias.com.br\/?p=4616"},"modified":"2025-11-04T06:15:59","modified_gmt":"2025-11-04T09:15:59","slug":"castro-justifica-operacao-que-matou-120-do-comando-vermelho-ao-stf-foi-necessaria-2","status":"publish","type":"post","link":"https:\/\/cafecommessias.com.br\/?p=4616","title":{"rendered":"Castro justifica opera\u00e7\u00e3o que matou 120 do Comando Vermelho ao STF: \u201cFoi necess\u00e1ria\u201d"},"content":{"rendered":"\n<p>O governador do Rio de Janeiro, Cl\u00e1udio Castro, saiu em defesa da Opera\u00e7\u00e3o Conten\u00e7\u00e3o, a\u00e7\u00e3o policial que deixou mais de 120 mortos na semana passada. Em manifesta\u00e7\u00e3o enviada ao Supremo Tribunal Federal (STF), ele afirmou que a interven\u00e7\u00e3o foi necess\u00e1ria diante das barricadas montadas por criminosos do Comando Vermelho (CV) perto de escolas e postos de sa\u00fade.<\/p>\n\n\n\n<p>A audi\u00eancia entre Castro e o ministro Alexandre de Moraes, relator da ADPF das Favelas, aconteceu nesta segunda-feira (3), no Rio. O governador explicou que os confrontos foram concentrados em \u00e1reas de mata para evitar tiroteios pr\u00f3ximos a \u00e1reas residenciais e proteger a popula\u00e7\u00e3o.<\/p>\n\n\n\n<p>Segundo Castro, o Estado precisou agir contra uma fac\u00e7\u00e3o de \u201cperfil narcoterrorista\u201d, exercendo o que chamou de \u201cpoder-dever de prote\u00e7\u00e3o da sociedade\u201d. Para ele, a opera\u00e7\u00e3o respeitou o Estado de Direito, a legalidade e a defesa da vida, ao mesmo tempo em que reafirmou o compromisso das for\u00e7as de seguran\u00e7a com a transpar\u00eancia e os direitos humanos.<\/p>\n\n\n\n<p>A declara\u00e7\u00e3o de Castro refor\u00e7a a postura firme de seu governo no enfrentamento do crime organizado no Rio, em contraste com a vis\u00e3o de setores cr\u00edticos que questionam opera\u00e7\u00f5es de grande impacto. Para o governador, medidas duras s\u00e3o a \u00fanica sa\u00edda para conter a escalada de viol\u00eancia nas comunidades dominadas pelo CV.<\/p>\n","protected":false},"excerpt":{"rendered":"<p>O governador do Rio de Janeiro, Cl\u00e1udio Castro, saiu em defesa da Opera\u00e7\u00e3o Conten\u00e7\u00e3o, a\u00e7\u00e3o policial que deixou mais de 120 mortos na semana passada. Em manifesta\u00e7\u00e3o enviada ao Supremo Tribunal Federal (STF), ele afirmou que a interven\u00e7\u00e3o foi necess\u00e1ria diante das barricadas montadas por criminosos do Comando Vermelho (CV) perto de escolas e postos&#8230;<\/p>\n","protected":false},"author":1,"featured_media":4617,"comment_status":"open","ping_status":"closed","sticky":false,"template":"","format":"standard","meta":{"footnotes":""},"categories":[3],"tags":[],"class_list":["post-4616","post","type-post","status-publish","format-standard","has-post-thumbnail","hentry","category-geral"],"_links":{"self":[{"href":"https:\/\/cafecommessias.com.br\/index.php?rest_route=\/wp\/v2\/posts\/4616","targetHints":{"allow":["GET"]}}],"collection":[{"href":"https:\/\/cafecommessias.com.br\/index.php?rest_route=\/wp\/v2\/posts"}],"about":[{"href":"https:\/\/cafecommessias.com.br\/index.php?rest_route=\/wp\/v2\/types\/post"}],"author":[{"embeddable":true,"href":"https:\/\/cafecommessias.com.br\/index.php?rest_route=\/wp\/v2\/users\/1"}],"replies":[{"embeddable":true,"href":"https:\/\/cafecommessias.com.br\/index.php?rest_route=%2Fwp%2Fv2%2Fcomments&post=4616"}],"version-history":[{"count":1,"href":"https:\/\/cafecommessias.com.br\/index.php?rest_route=\/wp\/v2\/posts\/4616\/revisions"}],"predecessor-version":[{"id":4618,"href":"https:\/\/cafecommessias.com.br\/index.php?rest_route=\/wp\/v2\/posts\/4616\/revisions\/4618"}],"wp:featuredmedia":[{"embeddable":true,"href":"https:\/\/cafecommessias.com.br\/index.php?rest_route=\/wp\/v2\/media\/4617"}],"wp:attachment":[{"href":"https:\/\/cafecommessias.com.br\/index.php?rest_route=%2Fwp%2Fv2%2Fmedia&parent=4616"}],"wp:term":[{"taxonomy":"category","embeddable":true,"href":"https:\/\/cafecommessias.com.br\/index.php?rest_route=%2Fwp%2Fv2%2Fcategories&post=4616"},{"taxonomy":"post_tag","embeddable":true,"href":"https:\/\/cafecommessias.com.br\/index.php?rest_route=%2Fwp%2Fv2%2Ftags&post=4616"}],"curies":[{"name":"wp","href":"https:\/\/api.w.org\/{rel}","templated":true}]}}