{"id":462,"date":"2025-07-13T07:33:12","date_gmt":"2025-07-13T10:33:12","guid":{"rendered":"http:\/\/cafecommessias.com.br\/?p=462"},"modified":"2025-07-13T07:33:26","modified_gmt":"2025-07-13T10:33:26","slug":"suspeito-de-assaltar-loja-em-shopping-e-preso-com-arma-e-celulares-em-natal","status":"publish","type":"post","link":"https:\/\/cafecommessias.com.br\/?p=462","title":{"rendered":"Suspeito de assaltar loja em shopping \u00e9 preso com arma e celulares em Natal"},"content":{"rendered":"\n<p>Um homem foi preso na tarde desta sexta-feira (11) por policiais militares da For\u00e7a T\u00e1tica do 5\u00ba Batalh\u00e3o da PM, suspeito de assaltar uma loja dentro de um shopping center nas imedia\u00e7\u00f5es da Avenida Salgado Filho, na zona Sul da capital potiguar.<\/p>\n\n\n\n<figure class=\"wp-block-image size-full\"><img loading=\"lazy\" decoding=\"async\" width=\"970\" height=\"250\" src=\"http:\/\/cafecommessias.com.br\/wp-content\/uploads\/2025\/07\/SENAC.png\" alt=\"\" class=\"wp-image-463\" srcset=\"https:\/\/cafecommessias.com.br\/wp-content\/uploads\/2025\/07\/SENAC.png 970w, https:\/\/cafecommessias.com.br\/wp-content\/uploads\/2025\/07\/SENAC-300x77.png 300w, https:\/\/cafecommessias.com.br\/wp-content\/uploads\/2025\/07\/SENAC-768x198.png 768w\" sizes=\"auto, (max-width: 970px) 100vw, 970px\" \/><\/figure>\n\n\n\n<p>De acordo com a PM, o crime ocorreu por volta das 11h da manh\u00e3 e as imagens das c\u00e2meras de seguran\u00e7a ajudaram a identificar as caracter\u00edsticas do suspeito. Ap\u00f3s receber as informa\u00e7\u00f5es via COPOM, os militares iniciaram dilig\u00eancias que culminaram na captura do indiv\u00edduo no bairro de Nova Descoberta.<\/p>\n\n\n\n<p>Durante a abordagem, o suspeito estava em posse de um rev\u00f3lver calibre .38 de fabrica\u00e7\u00e3o caseira, seis muni\u00e7\u00f5es e quatro celulares que, segundo a pol\u00edcia, haviam sido subtra\u00eddos na a\u00e7\u00e3o criminosa.<\/p>\n\n\n\n<p>As v\u00edtimas foram contatadas e reconheceram o homem como autor do assalto. O suspeito foi encaminhado \u00e0 Central de Flagrantes, onde foi autuado e permanecer\u00e1 \u00e0 disposi\u00e7\u00e3o da Justi\u00e7a.<\/p>\n\n\n\n<p><sub>Por TN<\/sub><\/p>\n","protected":false},"excerpt":{"rendered":"<p>Um homem foi preso na tarde desta sexta-feira (11) por policiais militares da For\u00e7a T\u00e1tica do 5\u00ba Batalh\u00e3o da PM, suspeito de assaltar uma loja dentro de um shopping center nas imedia\u00e7\u00f5es da Avenida Salgado Filho, na zona Sul da capital potiguar. De acordo com a PM, o crime ocorreu por volta das 11h da&#8230;<\/p>\n","protected":false},"author":1,"featured_media":464,"comment_status":"open","ping_status":"closed","sticky":false,"template":"","format":"standard","meta":{"footnotes":""},"categories":[5],"tags":[],"class_list":["post-462","post","type-post","status-publish","format-standard","has-post-thumbnail","hentry","category-policia"],"_links":{"self":[{"href":"https:\/\/cafecommessias.com.br\/index.php?rest_route=\/wp\/v2\/posts\/462","targetHints":{"allow":["GET"]}}],"collection":[{"href":"https:\/\/cafecommessias.com.br\/index.php?rest_route=\/wp\/v2\/posts"}],"about":[{"href":"https:\/\/cafecommessias.com.br\/index.php?rest_route=\/wp\/v2\/types\/post"}],"author":[{"embeddable":true,"href":"https:\/\/cafecommessias.com.br\/index.php?rest_route=\/wp\/v2\/users\/1"}],"replies":[{"embeddable":true,"href":"https:\/\/cafecommessias.com.br\/index.php?rest_route=%2Fwp%2Fv2%2Fcomments&post=462"}],"version-history":[{"count":1,"href":"https:\/\/cafecommessias.com.br\/index.php?rest_route=\/wp\/v2\/posts\/462\/revisions"}],"predecessor-version":[{"id":465,"href":"https:\/\/cafecommessias.com.br\/index.php?rest_route=\/wp\/v2\/posts\/462\/revisions\/465"}],"wp:featuredmedia":[{"embeddable":true,"href":"https:\/\/cafecommessias.com.br\/index.php?rest_route=\/wp\/v2\/media\/464"}],"wp:attachment":[{"href":"https:\/\/cafecommessias.com.br\/index.php?rest_route=%2Fwp%2Fv2%2Fmedia&parent=462"}],"wp:term":[{"taxonomy":"category","embeddable":true,"href":"https:\/\/cafecommessias.com.br\/index.php?rest_route=%2Fwp%2Fv2%2Fcategories&post=462"},{"taxonomy":"post_tag","embeddable":true,"href":"https:\/\/cafecommessias.com.br\/index.php?rest_route=%2Fwp%2Fv2%2Ftags&post=462"}],"curies":[{"name":"wp","href":"https:\/\/api.w.org\/{rel}","templated":true}]}}