{"id":4622,"date":"2025-11-04T06:20:00","date_gmt":"2025-11-04T09:20:00","guid":{"rendered":"https:\/\/cafecommessias.com.br\/?p=4622"},"modified":"2025-11-04T06:20:20","modified_gmt":"2025-11-04T09:20:20","slug":"trairi-rn-motociclista-morre-e-outro-fica-ferido-em-grave-acidente-na-saida-de-santa-cruz-para-natal","status":"publish","type":"post","link":"https:\/\/cafecommessias.com.br\/?p=4622","title":{"rendered":"TRAIR\u00cd\/RN: Motociclista morre e outro fica ferido em grave acidente na sa\u00edda de Santa Cruz para Natal"},"content":{"rendered":"\n<p>Um grave acidente envolvendo duas motocicletas foi registrado no final da tarde desta segunda-feira (3) em Santa Cruz, na regi\u00e3o do Trairi, no Rio Grande do Norte.<\/p>\n\n\n\n<p>A colis\u00e3o ocorreu em frente ao Posto La\u00eds, na sa\u00edda da cidade em dire\u00e7\u00e3o a Natal. De acordo com informa\u00e7\u00f5es preliminares, os dois motociclistas se chocaram violentamente.<\/p>\n\n\n\n<p>https:\/\/googleads.g.doubleclick.net\/pagead\/ads?gdpr=0&#038;client=ca-pub-8668957801363531&#038;output=html&#038;h=280&#038;adk=1944050894&#038;adf=370400631&#038;pi=t.aa~a.3268452598~i.3~rp.4&#038;w=809&#038;fwrn=4&#038;fwrnh=100&#038;lmt=1762247879&#038;rafmt=1&#038;armr=3&#038;sem=mc&#038;pwprc=9779247638&#038;ad_type=text_image&#038;format=809&#215;280&#038;url=https%3A%2F%2Fwww.blogdeassis.com.br%2F2025%2F11%2F04%2Fmotociclista-morre-e-outro-fica-ferido-em-grave-acidente-na-saida-de-santa-cruz-para-natal%2F456998%2F&#038;fwr=0&#038;pra=3&#038;rh=200&#038;rw=809&#038;rpe=1&#038;resp_fmts=3&#038;wgl=1&#038;fa=27&#038;uach=WyJXaW5kb3dzIiwiMTkuMC4wIiwieDg2IiwiIiwiMTQxLjAuNzM5MC4xMjUiLG51bGwsMCxudWxsLCI2NCIsW1siR29vZ2xlIENocm9tZSIsIjE0MS4wLjczOTAuMTI1Il0sWyJOb3Q_QV9CcmFuZCIsIjguMC4wLjAiXSxbIkNocm9taXVtIiwiMTQxLjAuNzM5MC4xMjUiXV0sMF0.&#038;abgtt=1&#038;dt=1762247878747&#038;bpp=1&#038;bdt=722&#038;idt=1&#038;shv=r20251031&#038;mjsv=m202510290101&#038;ptt=9&#038;saldr=aa&#038;abxe=1&#038;cookie=ID%3D32496bbdb95003cd%3AT%3D1759006956%3ART%3D1762247870%3AS%3DALNI_MZLqYqTeBDARU8TzisX5ltrOy4vaw&#038;gpic=UID%3D0000115654cfd430%3AT%3D1759006956%3ART%3D1762247870%3AS%3DALNI_MbX1pVA54BKaCJKW_62QPNcPCtyZQ&#038;eo_id_str=ID%3D058af85c915393dd%3AT%3D1759006956%3ART%3D1762247870%3AS%3DAA-AfjaY_ToLP4gB8BECdmDi5GHc&#038;prev_fmts=0x0%2C1351x633%2C980x120&#038;nras=4&#038;correlator=525487438173&#038;frm=20&#038;pv=1&#038;u_tz=-180&#038;u_his=5&#038;u_h=768&#038;u_w=1366&#038;u_ah=720&#038;u_aw=1366&#038;u_cd=24&#038;u_sd=1&#038;dmc=4&#038;adx=76&#038;ady=1297&#038;biw=1351&#038;bih=633&#038;scr_x=0&#038;scr_y=0&#038;eid=31095560%2C31095564%2C95372615%2C95376119%2C95376282&#038;oid=2&#038;pvsid=6164337639012531&#038;tmod=248888406&#038;uas=0&#038;nvt=1&#038;ref=https%3A%2F%2Fwww.blogdeassis.com.br%2F&#038;fc=1408&#038;brdim=0%2C0%2C0%2C0%2C1366%2C0%2C1366%2C720%2C1366%2C633&#038;vis=1&#038;rsz=%7C%7Cs%7C&#038;abl=NS&#038;fu=128&#038;bc=31&#038;bz=1&#038;td=1&#038;tdf=2&#038;psd=W251bGwsbnVsbCxudWxsLDNd&#038;nt=1&#038;pgls=CAEaBTYuOC4z&#038;num_ads=1&#038;ifi=4&#038;uci=a!4&#038;btvi=2&#038;fsb=1&#038;dtd=260<\/p>\n\n\n\n<p>Um dos condutores, n\u00e3o resistiu aos ferimentos e morreu ainda no local. O outro motociclista, que at\u00e9 o momento n\u00e3o teve o nome divulgado, foi socorrido com ferimentos e encaminhado para atendimento m\u00e9dico.<\/p>\n\n\n\n<p>As causas do acidente ainda ser\u00e3o apuradas pelas autoridades competentes. Com informa\u00e7\u00f5es do\u00a0<a href=\"https:\/\/www.instagram.com\/trairinamidia\/\"><\/a>trairinamidia<\/p>\n","protected":false},"excerpt":{"rendered":"<p>Um grave acidente envolvendo duas motocicletas foi registrado no final da tarde desta segunda-feira (3) em Santa Cruz, na regi\u00e3o do Trairi, no Rio Grande do Norte. A colis\u00e3o ocorreu em frente ao Posto La\u00eds, na sa\u00edda da cidade em dire\u00e7\u00e3o a Natal. De acordo com informa\u00e7\u00f5es preliminares, os dois motociclistas se chocaram violentamente. https:\/\/googleads.g.doubleclick.net\/pagead\/ads?gdpr=0&#038;client=ca-pub-8668957801363531&#038;output=html&#038;h=280&#038;adk=1944050894&#038;adf=370400631&#038;pi=t.aa~a.3268452598~i.3~rp.4&#038;w=809&#038;fwrn=4&#038;fwrnh=100&#038;lmt=1762247879&#038;rafmt=1&#038;armr=3&#038;sem=mc&#038;pwprc=9779247638&#038;ad_type=text_image&#038;format=809&#215;280&#038;url=https%3A%2F%2Fwww.blogdeassis.com.br%2F2025%2F11%2F04%2Fmotociclista-morre-e-outro-fica-ferido-em-grave-acidente-na-saida-de-santa-cruz-para-natal%2F456998%2F&#038;fwr=0&#038;pra=3&#038;rh=200&#038;rw=809&#038;rpe=1&#038;resp_fmts=3&#038;wgl=1&#038;fa=27&#038;uach=WyJXaW5kb3dzIiwiMTkuMC4wIiwieDg2IiwiIiwiMTQxLjAuNzM5MC4xMjUiLG51bGwsMCxudWxsLCI2NCIsW1siR29vZ2xlIENocm9tZSIsIjE0MS4wLjczOTAuMTI1Il0sWyJOb3Q_QV9CcmFuZCIsIjguMC4wLjAiXSxbIkNocm9taXVtIiwiMTQxLjAuNzM5MC4xMjUiXV0sMF0.&#038;abgtt=1&#038;dt=1762247878747&#038;bpp=1&#038;bdt=722&#038;idt=1&#038;shv=r20251031&#038;mjsv=m202510290101&#038;ptt=9&#038;saldr=aa&#038;abxe=1&#038;cookie=ID%3D32496bbdb95003cd%3AT%3D1759006956%3ART%3D1762247870%3AS%3DALNI_MZLqYqTeBDARU8TzisX5ltrOy4vaw&#038;gpic=UID%3D0000115654cfd430%3AT%3D1759006956%3ART%3D1762247870%3AS%3DALNI_MbX1pVA54BKaCJKW_62QPNcPCtyZQ&#038;eo_id_str=ID%3D058af85c915393dd%3AT%3D1759006956%3ART%3D1762247870%3AS%3DAA-AfjaY_ToLP4gB8BECdmDi5GHc&#038;prev_fmts=0x0%2C1351x633%2C980x120&#038;nras=4&#038;correlator=525487438173&#038;frm=20&#038;pv=1&#038;u_tz=-180&#038;u_his=5&#038;u_h=768&#038;u_w=1366&#038;u_ah=720&#038;u_aw=1366&#038;u_cd=24&#038;u_sd=1&#038;dmc=4&#038;adx=76&#038;ady=1297&#038;biw=1351&#038;bih=633&#038;scr_x=0&#038;scr_y=0&#038;eid=31095560%2C31095564%2C95372615%2C95376119%2C95376282&#038;oid=2&#038;pvsid=6164337639012531&#038;tmod=248888406&#038;uas=0&#038;nvt=1&#038;ref=https%3A%2F%2Fwww.blogdeassis.com.br%2F&#038;fc=1408&#038;brdim=0%2C0%2C0%2C0%2C1366%2C0%2C1366%2C720%2C1366%2C633&#038;vis=1&#038;rsz=%7C%7Cs%7C&#038;abl=NS&#038;fu=128&#038;bc=31&#038;bz=1&#038;td=1&#038;tdf=2&#038;psd=W251bGwsbnVsbCxudWxsLDNd&#038;nt=1&#038;pgls=CAEaBTYuOC4z&#038;num_ads=1&#038;ifi=4&#038;uci=a!4&#038;btvi=2&#038;fsb=1&#038;dtd=260&#8230;<\/p>\n","protected":false},"author":1,"featured_media":4623,"comment_status":"open","ping_status":"closed","sticky":false,"template":"","format":"standard","meta":{"footnotes":""},"categories":[9],"tags":[],"class_list":["post-4622","post","type-post","status-publish","format-standard","has-post-thumbnail","hentry","category-acidente"],"_links":{"self":[{"href":"https:\/\/cafecommessias.com.br\/index.php?rest_route=\/wp\/v2\/posts\/4622","targetHints":{"allow":["GET"]}}],"collection":[{"href":"https:\/\/cafecommessias.com.br\/index.php?rest_route=\/wp\/v2\/posts"}],"about":[{"href":"https:\/\/cafecommessias.com.br\/index.php?rest_route=\/wp\/v2\/types\/post"}],"author":[{"embeddable":true,"href":"https:\/\/cafecommessias.com.br\/index.php?rest_route=\/wp\/v2\/users\/1"}],"replies":[{"embeddable":true,"href":"https:\/\/cafecommessias.com.br\/index.php?rest_route=%2Fwp%2Fv2%2Fcomments&post=4622"}],"version-history":[{"count":1,"href":"https:\/\/cafecommessias.com.br\/index.php?rest_route=\/wp\/v2\/posts\/4622\/revisions"}],"predecessor-version":[{"id":4624,"href":"https:\/\/cafecommessias.com.br\/index.php?rest_route=\/wp\/v2\/posts\/4622\/revisions\/4624"}],"wp:featuredmedia":[{"embeddable":true,"href":"https:\/\/cafecommessias.com.br\/index.php?rest_route=\/wp\/v2\/media\/4623"}],"wp:attachment":[{"href":"https:\/\/cafecommessias.com.br\/index.php?rest_route=%2Fwp%2Fv2%2Fmedia&parent=4622"}],"wp:term":[{"taxonomy":"category","embeddable":true,"href":"https:\/\/cafecommessias.com.br\/index.php?rest_route=%2Fwp%2Fv2%2Fcategories&post=4622"},{"taxonomy":"post_tag","embeddable":true,"href":"https:\/\/cafecommessias.com.br\/index.php?rest_route=%2Fwp%2Fv2%2Ftags&post=4622"}],"curies":[{"name":"wp","href":"https:\/\/api.w.org\/{rel}","templated":true}]}}