{"id":4642,"date":"2025-11-04T16:15:14","date_gmt":"2025-11-04T19:15:14","guid":{"rendered":"https:\/\/cafecommessias.com.br\/?p=4642"},"modified":"2025-11-04T16:15:38","modified_gmt":"2025-11-04T19:15:38","slug":"pt-aciona-stf-contra-castro-por-atentado-a-soberania-em-tratativa-com-os-eua-para-classificar-faccoes-como-grupos-terroristas","status":"publish","type":"post","link":"https:\/\/cafecommessias.com.br\/?p=4642","title":{"rendered":"PT aciona STF contra Castro por atentado \u00e0 soberania em tratativa com os EUA para classificar fac\u00e7\u00f5es como grupos terroristas"},"content":{"rendered":"\n<p>O l\u00edder do PT na C\u00e2mara, Lindbergh Farias (RJ), pediu ao Supremo Tribunal Federal (STF) a abertura de inqu\u00e9rito contra o governador do Rio, Cl\u00e1udio Castro (PL), por supostos crimes contra o Estado Democr\u00e1tico de Direito.<\/p>\n\n\n\n<p>O petista acusa Castro de agir ilegalmente ao pedir aos Estados Unidos que classifiquem o Comando Vermelho e outras fac\u00e7\u00f5es como organiza\u00e7\u00f5es narcoterroristas.<\/p>\n\n\n\n<p>Segundo reportagem de O Globo, o governo fluminense enviou \u00e0 embaixada dos EUA um relat\u00f3rio sugerindo san\u00e7\u00f5es econ\u00f4micas a aliados das fac\u00e7\u00f5es no exterior.<\/p>\n\n\n\n<p>Na peti\u00e7\u00e3o, Lindbergh afirma que tal medida pode permitir bloqueio de ativos e a\u00e7\u00f5es de intelig\u00eancia dos EUA em territ\u00f3rio brasileiro, inclusive militares, sem autoriza\u00e7\u00e3o da Uni\u00e3o.<\/p>\n\n\n\n<p>O deputado argumenta que o governador n\u00e3o tem compet\u00eancia para negociar com governos estrangeiros, o que violaria a soberania nacional. Ele tamb\u00e9m cita que Castro buscou apoio do governo Donald Trump para o mesmo objetivo, o que caracterizaria inger\u00eancia externa.<\/p>\n\n\n\n<p>O pedido aponta ainda poss\u00edvel espionagem e transfer\u00eancia de informa\u00e7\u00f5es sens\u00edveis a agentes estrangeiros.<\/p>\n\n\n\n<p>Nesta ter\u00e7a (4), Castro est\u00e1 em Bras\u00edlia para discutir seguran\u00e7a p\u00fablica ap\u00f3s a megaopera\u00e7\u00e3o nos complexos do Alem\u00e3o e da Penha, que deixou 121 mortos.<\/p>\n\n\n\n<p><em><sub>Por InfoMoney<\/sub><\/em><\/p>\n","protected":false},"excerpt":{"rendered":"<p>O l\u00edder do PT na C\u00e2mara, Lindbergh Farias (RJ), pediu ao Supremo Tribunal Federal (STF) a abertura de inqu\u00e9rito contra o governador do Rio, Cl\u00e1udio Castro (PL), por supostos crimes contra o Estado Democr\u00e1tico de Direito. O petista acusa Castro de agir ilegalmente ao pedir aos Estados Unidos que classifiquem o Comando Vermelho e outras&#8230;<\/p>\n","protected":false},"author":1,"featured_media":4643,"comment_status":"open","ping_status":"closed","sticky":false,"template":"","format":"standard","meta":{"footnotes":""},"categories":[37],"tags":[],"class_list":["post-4642","post","type-post","status-publish","format-standard","has-post-thumbnail","hentry","category-brasil"],"_links":{"self":[{"href":"https:\/\/cafecommessias.com.br\/index.php?rest_route=\/wp\/v2\/posts\/4642","targetHints":{"allow":["GET"]}}],"collection":[{"href":"https:\/\/cafecommessias.com.br\/index.php?rest_route=\/wp\/v2\/posts"}],"about":[{"href":"https:\/\/cafecommessias.com.br\/index.php?rest_route=\/wp\/v2\/types\/post"}],"author":[{"embeddable":true,"href":"https:\/\/cafecommessias.com.br\/index.php?rest_route=\/wp\/v2\/users\/1"}],"replies":[{"embeddable":true,"href":"https:\/\/cafecommessias.com.br\/index.php?rest_route=%2Fwp%2Fv2%2Fcomments&post=4642"}],"version-history":[{"count":1,"href":"https:\/\/cafecommessias.com.br\/index.php?rest_route=\/wp\/v2\/posts\/4642\/revisions"}],"predecessor-version":[{"id":4644,"href":"https:\/\/cafecommessias.com.br\/index.php?rest_route=\/wp\/v2\/posts\/4642\/revisions\/4644"}],"wp:featuredmedia":[{"embeddable":true,"href":"https:\/\/cafecommessias.com.br\/index.php?rest_route=\/wp\/v2\/media\/4643"}],"wp:attachment":[{"href":"https:\/\/cafecommessias.com.br\/index.php?rest_route=%2Fwp%2Fv2%2Fmedia&parent=4642"}],"wp:term":[{"taxonomy":"category","embeddable":true,"href":"https:\/\/cafecommessias.com.br\/index.php?rest_route=%2Fwp%2Fv2%2Fcategories&post=4642"},{"taxonomy":"post_tag","embeddable":true,"href":"https:\/\/cafecommessias.com.br\/index.php?rest_route=%2Fwp%2Fv2%2Ftags&post=4642"}],"curies":[{"name":"wp","href":"https:\/\/api.w.org\/{rel}","templated":true}]}}