{"id":4645,"date":"2025-11-04T16:17:54","date_gmt":"2025-11-04T19:17:54","guid":{"rendered":"https:\/\/cafecommessias.com.br\/?p=4645"},"modified":"2025-11-04T16:18:45","modified_gmt":"2025-11-04T19:18:45","slug":"carnatal-e-incluido-no-calendario-turistico-oficial-do-brasil","status":"publish","type":"post","link":"https:\/\/cafecommessias.com.br\/?p=4645","title":{"rendered":"Carnatal \u00e9 inclu\u00eddo no calend\u00e1rio tur\u00edstico oficial do Brasil"},"content":{"rendered":"\n<p>O Carnatal&nbsp;foi oficialmente inclu\u00eddo no calend\u00e1rio tur\u00edstico nacional. A aprova\u00e7\u00e3o ocorreu nesta ter\u00e7a-feira (4) na Comiss\u00e3o de Desenvolvimento Regional (CDR) do Senado, em decis\u00e3o terminativa.<\/p>\n\n\n\n<p>O Projeto de Lei 3.034\/2023, de autoria do ex-deputado e atual prefeito Paulinho Freire (Uni\u00e3o-RN), teve relat\u00f3rio favor\u00e1vel do senador Rog\u00e9rio Marinho (PL-RN) e segue agora para san\u00e7\u00e3o presidencial.<\/p>\n\n\n\n<p>\u201cO Carnatal fortalece o com\u00e9rcio, os servi\u00e7os e toda a cadeia do turismo potiguar\u201d, destacou&nbsp;Rog\u00e9rio Marinho&nbsp;no parecer.<\/p>\n\n\n\n<p>Reconhecido como um dos maiores carnavais fora de \u00e9poca do pa\u00eds, o evento re\u00fane cerca de 1 milh\u00e3o de foli\u00f5es por quatro dias, no in\u00edcio de dezembro.<\/p>\n\n\n\n<p>Al\u00e9m do destaque cultural, o Carnatal \u00e9 um importante motor econ\u00f4mico: segundo o Instituto Fecom\u00e9rcio-RN, a edi\u00e7\u00e3o de 2024 movimentou R$ 112 milh\u00f5es, um aumento de 51,8% em rela\u00e7\u00e3o a 2023.<\/p>\n\n\n\n<p>O gasto m\u00e9dio di\u00e1rio dos turistas superou R$ 1,5 mil, refor\u00e7ando o impacto do evento na gera\u00e7\u00e3o de emprego e renda.<\/p>\n\n\n\n<p><em><sub>Por Ag\u00eancia Senado<\/sub><\/em><\/p>\n\n\n\n<p class=\"has-text-align-center\"><strong><em>PUBLICIDADE<\/em><\/strong><\/p>\n\n\n\n<figure class=\"wp-block-image size-full\"><img loading=\"lazy\" decoding=\"async\" width=\"790\" height=\"200\" src=\"https:\/\/cafecommessias.com.br\/wp-content\/uploads\/2025\/11\/790x200px.png\" alt=\"\" class=\"wp-image-4517\" srcset=\"https:\/\/cafecommessias.com.br\/wp-content\/uploads\/2025\/11\/790x200px.png 790w, https:\/\/cafecommessias.com.br\/wp-content\/uploads\/2025\/11\/790x200px-300x76.png 300w, https:\/\/cafecommessias.com.br\/wp-content\/uploads\/2025\/11\/790x200px-768x194.png 768w\" sizes=\"auto, (max-width: 790px) 100vw, 790px\" \/><\/figure>\n","protected":false},"excerpt":{"rendered":"<p>O Carnatal&nbsp;foi oficialmente inclu\u00eddo no calend\u00e1rio tur\u00edstico nacional. A aprova\u00e7\u00e3o ocorreu nesta ter\u00e7a-feira (4) na Comiss\u00e3o de Desenvolvimento Regional (CDR) do Senado, em decis\u00e3o terminativa. O Projeto de Lei 3.034\/2023, de autoria do ex-deputado e atual prefeito Paulinho Freire (Uni\u00e3o-RN), teve relat\u00f3rio favor\u00e1vel do senador Rog\u00e9rio Marinho (PL-RN) e segue agora para san\u00e7\u00e3o presidencial. \u201cO&#8230;<\/p>\n","protected":false},"author":1,"featured_media":4646,"comment_status":"open","ping_status":"closed","sticky":false,"template":"","format":"standard","meta":{"footnotes":""},"categories":[36],"tags":[],"class_list":["post-4645","post","type-post","status-publish","format-standard","has-post-thumbnail","hentry","category-natal"],"_links":{"self":[{"href":"https:\/\/cafecommessias.com.br\/index.php?rest_route=\/wp\/v2\/posts\/4645","targetHints":{"allow":["GET"]}}],"collection":[{"href":"https:\/\/cafecommessias.com.br\/index.php?rest_route=\/wp\/v2\/posts"}],"about":[{"href":"https:\/\/cafecommessias.com.br\/index.php?rest_route=\/wp\/v2\/types\/post"}],"author":[{"embeddable":true,"href":"https:\/\/cafecommessias.com.br\/index.php?rest_route=\/wp\/v2\/users\/1"}],"replies":[{"embeddable":true,"href":"https:\/\/cafecommessias.com.br\/index.php?rest_route=%2Fwp%2Fv2%2Fcomments&post=4645"}],"version-history":[{"count":2,"href":"https:\/\/cafecommessias.com.br\/index.php?rest_route=\/wp\/v2\/posts\/4645\/revisions"}],"predecessor-version":[{"id":4648,"href":"https:\/\/cafecommessias.com.br\/index.php?rest_route=\/wp\/v2\/posts\/4645\/revisions\/4648"}],"wp:featuredmedia":[{"embeddable":true,"href":"https:\/\/cafecommessias.com.br\/index.php?rest_route=\/wp\/v2\/media\/4646"}],"wp:attachment":[{"href":"https:\/\/cafecommessias.com.br\/index.php?rest_route=%2Fwp%2Fv2%2Fmedia&parent=4645"}],"wp:term":[{"taxonomy":"category","embeddable":true,"href":"https:\/\/cafecommessias.com.br\/index.php?rest_route=%2Fwp%2Fv2%2Fcategories&post=4645"},{"taxonomy":"post_tag","embeddable":true,"href":"https:\/\/cafecommessias.com.br\/index.php?rest_route=%2Fwp%2Fv2%2Ftags&post=4645"}],"curies":[{"name":"wp","href":"https:\/\/api.w.org\/{rel}","templated":true}]}}