{"id":4649,"date":"2025-11-04T16:21:09","date_gmt":"2025-11-04T19:21:09","guid":{"rendered":"https:\/\/cafecommessias.com.br\/?p=4649"},"modified":"2025-11-04T16:21:24","modified_gmt":"2025-11-04T19:21:24","slug":"cpi-do-crime-organizado-senador-fabiano-contarato-pt-vai-presidir-comissao-apos-votacao-apertada-contra-oposicao","status":"publish","type":"post","link":"https:\/\/cafecommessias.com.br\/?p=4649","title":{"rendered":"CPI DO CRIME ORGANIZADO: Senador Fabiano Contarato (PT) vai presidir comiss\u00e3o ap\u00f3s vota\u00e7\u00e3o apertada contra oposi\u00e7\u00e3o"},"content":{"rendered":"\n<p>O Senado instalou nesta ter\u00e7a-feira a CPI do Crime Organizado, criada para investigar a atua\u00e7\u00e3o de fac\u00e7\u00f5es e mil\u00edcias em todo o pa\u00eds. A comiss\u00e3o ser\u00e1 presidida pelo senador Fabiano Contarato e ter\u00e1 como relator Alessandro Vieira. O senador Hamilton Mour\u00e3o perdeu por um \u00fanico voto, mas foi escolhido como vice-presidente, por aclama\u00e7\u00e3o.<\/p>\n\n\n\n<p>Contarato \u00e9 delegado de pol\u00edcia e votou, contrariando o governo, a favor do projeto de lei que restringe as \u2018saidinhas\u2019 para presidi\u00e1rios em feriados e datas comemorativas.<\/p>\n\n\n\n<p>A CPI&nbsp;vai investigar a estrutura, expans\u00e3o e o funcionamento do crime organizado, com \u00eanfase na atua\u00e7\u00e3o de mil\u00edcias e fac\u00e7\u00f5es criminosas \u2013 principalmente o PCC e o Comando Vermelho. A iniciativa ocorre em um momento em que o Congresso Nacional tem intensificado o debate sobre seguran\u00e7a p\u00fablica. C\u00e2mara e Senado v\u00eam aprovando projetos que endurecem penas e ampliam tipos penais, enquanto o Supremo Tribunal Federal busca impor limites \u00e0 letalidade policial, por meio da ADPF 635, conhecida como \u201cADPF das Favelas\u201d.<\/p>\n\n\n\n<p><em><sub>Por O Globo e Pleno News<\/sub><\/em><\/p>\n","protected":false},"excerpt":{"rendered":"<p>O Senado instalou nesta ter\u00e7a-feira a CPI do Crime Organizado, criada para investigar a atua\u00e7\u00e3o de fac\u00e7\u00f5es e mil\u00edcias em todo o pa\u00eds. A comiss\u00e3o ser\u00e1 presidida pelo senador Fabiano Contarato e ter\u00e1 como relator Alessandro Vieira. O senador Hamilton Mour\u00e3o perdeu por um \u00fanico voto, mas foi escolhido como vice-presidente, por aclama\u00e7\u00e3o. Contarato \u00e9&#8230;<\/p>\n","protected":false},"author":1,"featured_media":4650,"comment_status":"open","ping_status":"closed","sticky":false,"template":"","format":"standard","meta":{"footnotes":""},"categories":[3],"tags":[],"class_list":["post-4649","post","type-post","status-publish","format-standard","has-post-thumbnail","hentry","category-geral"],"_links":{"self":[{"href":"https:\/\/cafecommessias.com.br\/index.php?rest_route=\/wp\/v2\/posts\/4649","targetHints":{"allow":["GET"]}}],"collection":[{"href":"https:\/\/cafecommessias.com.br\/index.php?rest_route=\/wp\/v2\/posts"}],"about":[{"href":"https:\/\/cafecommessias.com.br\/index.php?rest_route=\/wp\/v2\/types\/post"}],"author":[{"embeddable":true,"href":"https:\/\/cafecommessias.com.br\/index.php?rest_route=\/wp\/v2\/users\/1"}],"replies":[{"embeddable":true,"href":"https:\/\/cafecommessias.com.br\/index.php?rest_route=%2Fwp%2Fv2%2Fcomments&post=4649"}],"version-history":[{"count":1,"href":"https:\/\/cafecommessias.com.br\/index.php?rest_route=\/wp\/v2\/posts\/4649\/revisions"}],"predecessor-version":[{"id":4651,"href":"https:\/\/cafecommessias.com.br\/index.php?rest_route=\/wp\/v2\/posts\/4649\/revisions\/4651"}],"wp:featuredmedia":[{"embeddable":true,"href":"https:\/\/cafecommessias.com.br\/index.php?rest_route=\/wp\/v2\/media\/4650"}],"wp:attachment":[{"href":"https:\/\/cafecommessias.com.br\/index.php?rest_route=%2Fwp%2Fv2%2Fmedia&parent=4649"}],"wp:term":[{"taxonomy":"category","embeddable":true,"href":"https:\/\/cafecommessias.com.br\/index.php?rest_route=%2Fwp%2Fv2%2Fcategories&post=4649"},{"taxonomy":"post_tag","embeddable":true,"href":"https:\/\/cafecommessias.com.br\/index.php?rest_route=%2Fwp%2Fv2%2Ftags&post=4649"}],"curies":[{"name":"wp","href":"https:\/\/api.w.org\/{rel}","templated":true}]}}