{"id":4669,"date":"2025-11-05T06:42:09","date_gmt":"2025-11-05T09:42:09","guid":{"rendered":"https:\/\/cafecommessias.com.br\/?p=4669"},"modified":"2025-11-05T06:43:06","modified_gmt":"2025-11-05T09:43:06","slug":"maduro-agradece-a-lula-e-ao-papa-por-apelos-em-meio-a-tensao-com-os-eua","status":"publish","type":"post","link":"https:\/\/cafecommessias.com.br\/?p=4669","title":{"rendered":"Maduro agradece a Lula e ao papa por apelos em meio \u00e0 tens\u00e3o com os EUA"},"content":{"rendered":"\n<p>O ditador da Venezuela, Nicol\u00e1s Maduro, agradeceu nesta ter\u00e7a-feira (4) ao presidente Luiz In\u00e1cio Lula da Silva (PT) e ao papa Le\u00e3o XIV pelos apelos ao di\u00e1logo e \u00e0 paz diante da crescente tens\u00e3o entre Caracas e Washington. A manifesta\u00e7\u00e3o ocorreu durante o congresso do Partido Socialista Unido da Venezuela (PSUV).<\/p>\n\n\n\n<p>Maduro destacou a recente declara\u00e7\u00e3o do papa, que pediu entendimento entre Estados Unidos e Venezuela para evitar uma escalada militar no Caribe. Ele tamb\u00e9m elogiou a postura de Lula em defesa da paz regional e da CELAC (Comunidade de Estados Latino-Americanos e Caribenhos), al\u00e9m de agradecer ao Alto Comissariado da ONU por condenar o uso da for\u00e7a contra o pa\u00eds.<\/p>\n\n\n\n<p>O agradecimento ocorre em meio \u00e0 intensifica\u00e7\u00e3o das atividades militares dos EUA no Caribe e ao aumento da press\u00e3o internacional sobre o governo venezuelano, acusado de violar direitos humanos e restringir a oposi\u00e7\u00e3o. Caracas, por sua vez, acusa Washington de tentar promover uma mudan\u00e7a de regime.<\/p>\n\n\n\n<p>Lula afirmou que pretende discutir o tema na pr\u00f3xima c\u00fapula da CELAC, marcada para os dias 9 e 10 de novembro. \u201cA reuni\u00e3o s\u00f3 faz sentido se for para tratar da presen\u00e7a dos navios de guerra dos EUA\u201d, disse o petista, ressaltando que a Am\u00e9rica Latina \u201c\u00e9 uma regi\u00e3o de paz, n\u00e3o de guerra\u201d.<\/p>\n\n\n\n<p><em><sub>Por CNN Brasil<\/sub><\/em><\/p>\n\n\n\n<p><\/p>\n","protected":false},"excerpt":{"rendered":"<p>O ditador da Venezuela, Nicol\u00e1s Maduro, agradeceu nesta ter\u00e7a-feira (4) ao presidente Luiz In\u00e1cio Lula da Silva (PT) e ao papa Le\u00e3o XIV pelos apelos ao di\u00e1logo e \u00e0 paz diante da crescente tens\u00e3o entre Caracas e Washington. A manifesta\u00e7\u00e3o ocorreu durante o congresso do Partido Socialista Unido da Venezuela (PSUV). Maduro destacou a recente&#8230;<\/p>\n","protected":false},"author":1,"featured_media":4670,"comment_status":"open","ping_status":"closed","sticky":false,"template":"","format":"standard","meta":{"footnotes":""},"categories":[2],"tags":[],"class_list":["post-4669","post","type-post","status-publish","format-standard","has-post-thumbnail","hentry","category-internacional"],"_links":{"self":[{"href":"https:\/\/cafecommessias.com.br\/index.php?rest_route=\/wp\/v2\/posts\/4669","targetHints":{"allow":["GET"]}}],"collection":[{"href":"https:\/\/cafecommessias.com.br\/index.php?rest_route=\/wp\/v2\/posts"}],"about":[{"href":"https:\/\/cafecommessias.com.br\/index.php?rest_route=\/wp\/v2\/types\/post"}],"author":[{"embeddable":true,"href":"https:\/\/cafecommessias.com.br\/index.php?rest_route=\/wp\/v2\/users\/1"}],"replies":[{"embeddable":true,"href":"https:\/\/cafecommessias.com.br\/index.php?rest_route=%2Fwp%2Fv2%2Fcomments&post=4669"}],"version-history":[{"count":1,"href":"https:\/\/cafecommessias.com.br\/index.php?rest_route=\/wp\/v2\/posts\/4669\/revisions"}],"predecessor-version":[{"id":4671,"href":"https:\/\/cafecommessias.com.br\/index.php?rest_route=\/wp\/v2\/posts\/4669\/revisions\/4671"}],"wp:featuredmedia":[{"embeddable":true,"href":"https:\/\/cafecommessias.com.br\/index.php?rest_route=\/wp\/v2\/media\/4670"}],"wp:attachment":[{"href":"https:\/\/cafecommessias.com.br\/index.php?rest_route=%2Fwp%2Fv2%2Fmedia&parent=4669"}],"wp:term":[{"taxonomy":"category","embeddable":true,"href":"https:\/\/cafecommessias.com.br\/index.php?rest_route=%2Fwp%2Fv2%2Fcategories&post=4669"},{"taxonomy":"post_tag","embeddable":true,"href":"https:\/\/cafecommessias.com.br\/index.php?rest_route=%2Fwp%2Fv2%2Ftags&post=4669"}],"curies":[{"name":"wp","href":"https:\/\/api.w.org\/{rel}","templated":true}]}}