{"id":467,"date":"2025-07-13T07:43:38","date_gmt":"2025-07-13T10:43:38","guid":{"rendered":"http:\/\/cafecommessias.com.br\/?p=467"},"modified":"2025-07-13T07:43:55","modified_gmt":"2025-07-13T10:43:55","slug":"prefeito-ricardo-brito-critica-situacao-das-estradas-estaduais-e-diz-que-novo-batalhao-da-pm-deve-sair-ate-marco-de-2026","status":"publish","type":"post","link":"https:\/\/cafecommessias.com.br\/?p=467","title":{"rendered":"Prefeito Ricardo Brito critica situa\u00e7\u00e3o das estradas estaduais e diz que novo batalh\u00e3o da PM deve sair at\u00e9 mar\u00e7o de 2026"},"content":{"rendered":"\n<p>Diante do cen\u00e1rio da morte da jovem Maria Bruna, de 27 anos, ap\u00f3s uma tentativa de assalto na comunidade do Riach\u00e3o, em Cear\u00e1-Mirim, o Governo estadual anunciou a cria\u00e7\u00e3o de um novo Batalh\u00e3o de Pol\u00edcia Militar (BPM), atendendo ao pedido dos prefeitos da regi\u00e3o, e a previs\u00e3o \u00e9 que o batalh\u00e3o seja criado at\u00e9 mar\u00e7o de 2026, conforme revelou o prefeito de Pureza, Ricardo Brito (PL).<\/p>\n\n\n\n<figure class=\"wp-block-image size-full\"><img loading=\"lazy\" decoding=\"async\" width=\"750\" height=\"200\" src=\"http:\/\/cafecommessias.com.br\/wp-content\/uploads\/2025\/07\/ASSU.png\" alt=\"\" class=\"wp-image-459\" srcset=\"https:\/\/cafecommessias.com.br\/wp-content\/uploads\/2025\/07\/ASSU.png 750w, https:\/\/cafecommessias.com.br\/wp-content\/uploads\/2025\/07\/ASSU-300x80.png 300w\" sizes=\"auto, (max-width: 750px) 100vw, 750px\" \/><\/figure>\n\n\n\n<p>Brito disse que F\u00e1tima Bezerra garantiu que at\u00e9 semana que vem o decreto sair\u00e1 e at\u00e9 fevereiro ou mar\u00e7o do pr\u00f3ximo ano o 17\u00ba Batalh\u00e3o ser\u00e1 criado na cidade de Cear\u00e1-Mirim. Ser\u00e1 utilizado um pr\u00e9dio que j\u00e1 existe com um efetivo maior. Ela tamb\u00e9m nos disse que at\u00e9 l\u00e1, haver\u00e1 uma modalidade junto ao secret\u00e1rio de Seguran\u00e7a, a quest\u00e3o das di\u00e1rias operacionais para poder aumentar o efetivo na regi\u00e3o\u201d, detalhou.<\/p>\n\n\n\n<p>Conforme anunciado pela governadora F\u00e1tima Bezerra (PT) na \u00faltima ter\u00e7a-feira (8), o novo batalh\u00e3o ser\u00e1 sediado em Cear\u00e1-Mirim. Atualmente, a cidade conta com a 7\u00aa Companhia Independente de Pol\u00edcia Militar (7\u00aa CIPM), que ser\u00e1 transformada no 17\u00ba Batalh\u00e3o da PM (17\u00ba BPM).<\/p>\n\n\n\n<p>Com a instala\u00e7\u00e3o do 17\u00ba BPM na regi\u00e3o do Mato Grande, deve-se assegurar um efetivo maior a Pureza, explica Brito. Segundo ele, o munic\u00edpio, que atualmente conta com uma viatura da Pol\u00edcia Militar e poder\u00e1 expandir esse n\u00famero para tr\u00eas, sendo duas na zona urbana e uma para a \u00e1rea rural. Paralelamente, a Prefeitura est\u00e1 atuando para melhorar a seguran\u00e7a da cidade, com a\u00e7\u00f5es como a instala\u00e7\u00e3o de c\u00e2meras de videomonitoramento e a cria\u00e7\u00e3o da Guarda Municipal.<\/p>\n\n\n\n<p>\u201cFoi conversado isso tamb\u00e9m na regi\u00e3o [do Mato Grande] para que n\u00f3s, pela delegada-geral de Pol\u00edcia [Ana Cl\u00e1udia Saraiva], que a gente tenha esse centro de seguran\u00e7a tamb\u00e9m nos munic\u00edpios que o Governo vai nos ajudar a n\u00edvel estadual e tamb\u00e9m federal, com emendas, para que tamb\u00e9m tenhamos nosso aparato de seguran\u00e7a em nossas cidades\u201d, destacou.<\/p>\n\n\n\n<p>Em rela\u00e7\u00e3o \u00e0s condi\u00e7\u00f5es das estradas do RN, o gestor se mostrou cr\u00edtico, em especial quanto \u00e0s rodovias do Mato Grande. Na segunda etapa do Programa de Restaura\u00e7\u00e3o de Rodovias Estaduais, anunciada no \u00faltimo dia 3 de julho, a regi\u00e3o foi contemplada com a inclus\u00e3o da RN-064, onde Maria Bruna foi assassinada no \u00faltimo domingo (6). Na avalia\u00e7\u00e3o de Ricardo, os buracos existentes na via contribu\u00edram para que a trag\u00e9dia acontecesse.<\/p>\n\n\n\n<p>\u201cQuem anda pela 064, como eu que trafego todos os dias, sabe que temos um problema ser\u00edssimo, que \u00e9 a quest\u00e3o dos buracos. Isso vem se estendendo h\u00e1 mais de tr\u00eas anos, quase quatro. \u00c9 uma regi\u00e3o muito perigosa. Desde que assumi, j\u00e1 fiz v\u00e1rias cr\u00edticas ao Governo em rela\u00e7\u00e3o a essa quest\u00e3o das estradas, mas vamos esperar que saia do papel. Est\u00e1 no edital de resolu\u00e7\u00e3o das novas estradas, e a 064 foi contemplada. A governadora garantiu que a partir deste ano come\u00e7a ainda\u201d, disse.<\/p>\n\n\n\n<p><strong>Cons\u00f3rcio do Mato Grande<\/strong><\/p>\n\n\n\n<p>Ricardo Brito tamb\u00e9m revelou a forma\u00e7\u00e3o do Cons\u00f3rcio do Mato Grande, ap\u00f3s reuni\u00e3o com 16 prefeitos no in\u00edcio do ano, que est\u00e1 passando por tr\u00e2mites burocr\u00e1ticos e deve ser regularizado at\u00e9 agosto. A autarquia tem como objetivo \u201cbrigar\u201d por pol\u00edticas p\u00fablicas, turismo, seguran\u00e7a e melhorias nas estradas. Tamb\u00e9m ser\u00e1 marcada uma assembleia na pr\u00f3xima semana para definir a composi\u00e7\u00e3o da diretoria.<\/p>\n\n\n\n<p>O presidente ser\u00e1 o prefeito de Touros, Pedro Filho (PSD); a vice-presidente ser\u00e1 a prefeita de Jo\u00e3o C\u00e2mara, Aize Bezerra (PSDB); e o prefeito de Taipu, Ariosvaldo J\u00fanior (PSD), ser\u00e1 o tesoureiro. Ricardo Brito atuar\u00e1 como diretor executivo.<\/p>\n\n\n\n<p><strong>Elei\u00e7\u00f5es 2026<\/strong><\/p>\n\n\n\n<p>Em rela\u00e7\u00e3o ao cen\u00e1rio para as elei\u00e7\u00f5es estaduais de 2026, Ricardo ressaltou que ainda h\u00e1 muitas indefini\u00e7\u00f5es quanto \u00e0s candidaturas, principalmente ao Governo do Estado, mas afirmou que votar\u00e1 no senador Rog\u00e9rio Marinho (PL), caso ele confirme sua candidatura ao Executivo Estadual. Para o Senado Federal, Brito declarou apoio \u00e0 reelei\u00e7\u00e3o de Styvenson Valentim (PSDB) e, para o segundo voto, revelou que h\u00e1 conversas com a senadora Zenaide Maia (PSD). Ele tamb\u00e9m afirmou que votar\u00e1 em Robinson Faria (PP) e em Kleber Rodrigues (PSDB) para os cargos de deputado federal e deputado estadual, respectivamente.<\/p>\n\n\n\n<p>Por TN<\/p>\n","protected":false},"excerpt":{"rendered":"<p>Diante do cen\u00e1rio da morte da jovem Maria Bruna, de 27 anos, ap\u00f3s uma tentativa de assalto na comunidade do Riach\u00e3o, em Cear\u00e1-Mirim, o Governo estadual anunciou a cria\u00e7\u00e3o de um novo Batalh\u00e3o de Pol\u00edcia Militar (BPM), atendendo ao pedido dos prefeitos da regi\u00e3o, e a previs\u00e3o \u00e9 que o batalh\u00e3o seja criado at\u00e9 mar\u00e7o&#8230;<\/p>\n","protected":false},"author":1,"featured_media":468,"comment_status":"open","ping_status":"closed","sticky":false,"template":"","format":"standard","meta":{"footnotes":""},"categories":[8],"tags":[],"class_list":["post-467","post","type-post","status-publish","format-standard","has-post-thumbnail","hentry","category-cidades"],"_links":{"self":[{"href":"https:\/\/cafecommessias.com.br\/index.php?rest_route=\/wp\/v2\/posts\/467","targetHints":{"allow":["GET"]}}],"collection":[{"href":"https:\/\/cafecommessias.com.br\/index.php?rest_route=\/wp\/v2\/posts"}],"about":[{"href":"https:\/\/cafecommessias.com.br\/index.php?rest_route=\/wp\/v2\/types\/post"}],"author":[{"embeddable":true,"href":"https:\/\/cafecommessias.com.br\/index.php?rest_route=\/wp\/v2\/users\/1"}],"replies":[{"embeddable":true,"href":"https:\/\/cafecommessias.com.br\/index.php?rest_route=%2Fwp%2Fv2%2Fcomments&post=467"}],"version-history":[{"count":1,"href":"https:\/\/cafecommessias.com.br\/index.php?rest_route=\/wp\/v2\/posts\/467\/revisions"}],"predecessor-version":[{"id":469,"href":"https:\/\/cafecommessias.com.br\/index.php?rest_route=\/wp\/v2\/posts\/467\/revisions\/469"}],"wp:featuredmedia":[{"embeddable":true,"href":"https:\/\/cafecommessias.com.br\/index.php?rest_route=\/wp\/v2\/media\/468"}],"wp:attachment":[{"href":"https:\/\/cafecommessias.com.br\/index.php?rest_route=%2Fwp%2Fv2%2Fmedia&parent=467"}],"wp:term":[{"taxonomy":"category","embeddable":true,"href":"https:\/\/cafecommessias.com.br\/index.php?rest_route=%2Fwp%2Fv2%2Fcategories&post=467"},{"taxonomy":"post_tag","embeddable":true,"href":"https:\/\/cafecommessias.com.br\/index.php?rest_route=%2Fwp%2Fv2%2Ftags&post=467"}],"curies":[{"name":"wp","href":"https:\/\/api.w.org\/{rel}","templated":true}]}}