{"id":4682,"date":"2025-11-05T06:54:48","date_gmt":"2025-11-05T09:54:48","guid":{"rendered":"https:\/\/cafecommessias.com.br\/?p=4682"},"modified":"2025-11-05T06:55:06","modified_gmt":"2025-11-05T09:55:06","slug":"camara-aprova-projeto-que-aumenta-gradualmente-para-20-dias-a-licenca-paternidade","status":"publish","type":"post","link":"https:\/\/cafecommessias.com.br\/?p=4682","title":{"rendered":"C\u00e2mara aprova projeto que aumenta gradualmente para 20 dias a licen\u00e7a-paternidade"},"content":{"rendered":"\n<p>A C\u00e2mara dos Deputados aprovou projeto de lei que amplia gradualmente de 5 para 20 dias a licen\u00e7a-paternidade. A proposta prev\u00ea o pagamento do m\u00eas em valor igual \u00e0 remunera\u00e7\u00e3o integral.<\/p>\n\n\n\n<p>O per\u00edodo da licen\u00e7a ser\u00e1 implantado progressivamente ao longo de quatro anos de vig\u00eancia da futura lei, come\u00e7ando com 10 dias durante os dois primeiros anos, subindo para 15 dias no terceiro ano e 20 dias no quarto ano.<\/p>\n\n\n\n<p>De autoria do Senado, o Projeto de Lei 3935\/08 retorna \u00e0quela Casa devido \u00e0s mudan\u00e7as aprovadas pela C\u00e2mara nesta ter\u00e7a-feira (4), na forma do substitutivo do relator, deputado Pedro Campos (PSB-PE).<\/p>\n\n\n\n<p>Segundo Campos, a proposta fortalece as fam\u00edlias em um momento \u201ct\u00e3o importante quanto desafiador\u201d, que s\u00e3o os primeiros dias de vida da crian\u00e7a. \u201cEntre os primeiros gestos de um Estado verdadeiramente humano est\u00e1 o de permitir que pais e m\u00e3es possam acompanhar, de forma plena, o nascimento e os primeiros dias de seus filhos\u201d, declarou.<\/p>\n\n\n\n<p>Inicialmente, Campos havia estabelecido o total de 30 dias de licen\u00e7a-paternidade ap\u00f3s transi\u00e7\u00e3o de cinco anos, mas negocia\u00e7\u00f5es em Plen\u00e1rio resultaram em um per\u00edodo menor devido a dificuldades fiscais da Previd\u00eancia. O impacto de despesas e perda de receitas previsto \u00e9 de R$ 4,34 bilh\u00f5es em 2027, quando a licen\u00e7a ser\u00e1 de 10 dias. Esse impacto chegaria a R$ 11,87 bilh\u00f5es em 2030, se a licen\u00e7a fosse de 30 dias.<\/p>\n\n\n\n<p><strong>Crian\u00e7a com defici\u00eancia<\/strong><br>Caso a crian\u00e7a rec\u00e9m-nascida ou a crian\u00e7a ou adolescente adotado tenha defici\u00eancia, a licen\u00e7a aumentar\u00e1 em 1\/3 (cerca de 13 dias; ou 20 dias; ou cerca de 27 dias, conforme a transi\u00e7\u00e3o).<\/p>\n\n\n\n<p>O benef\u00edcio ser\u00e1 pago para o empregado que for pai, adotar ou obtiver guarda judicial de crian\u00e7a ou adolescente em valor igual \u00e0 remunera\u00e7\u00e3o integral se empregado pela Consolida\u00e7\u00e3o das Leis do Trabalho (CLT) ou trabalhador avulso.<\/p>\n\n\n\n<p><strong>Divis\u00e3o da licen\u00e7a<\/strong><br>Uma das novidades em rela\u00e7\u00e3o \u00e0 licen\u00e7a-maternidade \u00e9 a permiss\u00e3o para o trabalhador dividir, a seu pedido, em dois per\u00edodos iguais a licen\u00e7a, exceto em caso de falecimento da m\u00e3e.<\/p>\n\n\n\n<p>O primeiro per\u00edodo deve ser usufru\u00eddo imediatamente ap\u00f3s o nascimento, a ado\u00e7\u00e3o ou a obten\u00e7\u00e3o de guarda judicial. J\u00e1 o per\u00edodo restante deve come\u00e7ar a ser tirado em at\u00e9 180 dias depois do parto ou ado\u00e7\u00e3o.<\/p>\n\n\n\n<p><sub><em>Por\u00a0Ag\u00eancia C\u00e2mara de Not\u00edcias<\/em><\/sub><\/p>\n","protected":false},"excerpt":{"rendered":"<p>A C\u00e2mara dos Deputados aprovou projeto de lei que amplia gradualmente de 5 para 20 dias a licen\u00e7a-paternidade. A proposta prev\u00ea o pagamento do m\u00eas em valor igual \u00e0 remunera\u00e7\u00e3o integral. O per\u00edodo da licen\u00e7a ser\u00e1 implantado progressivamente ao longo de quatro anos de vig\u00eancia da futura lei, come\u00e7ando com 10 dias durante os dois&#8230;<\/p>\n","protected":false},"author":1,"featured_media":4683,"comment_status":"open","ping_status":"closed","sticky":false,"template":"","format":"standard","meta":{"footnotes":""},"categories":[37],"tags":[],"class_list":["post-4682","post","type-post","status-publish","format-standard","has-post-thumbnail","hentry","category-brasil"],"_links":{"self":[{"href":"https:\/\/cafecommessias.com.br\/index.php?rest_route=\/wp\/v2\/posts\/4682","targetHints":{"allow":["GET"]}}],"collection":[{"href":"https:\/\/cafecommessias.com.br\/index.php?rest_route=\/wp\/v2\/posts"}],"about":[{"href":"https:\/\/cafecommessias.com.br\/index.php?rest_route=\/wp\/v2\/types\/post"}],"author":[{"embeddable":true,"href":"https:\/\/cafecommessias.com.br\/index.php?rest_route=\/wp\/v2\/users\/1"}],"replies":[{"embeddable":true,"href":"https:\/\/cafecommessias.com.br\/index.php?rest_route=%2Fwp%2Fv2%2Fcomments&post=4682"}],"version-history":[{"count":1,"href":"https:\/\/cafecommessias.com.br\/index.php?rest_route=\/wp\/v2\/posts\/4682\/revisions"}],"predecessor-version":[{"id":4684,"href":"https:\/\/cafecommessias.com.br\/index.php?rest_route=\/wp\/v2\/posts\/4682\/revisions\/4684"}],"wp:featuredmedia":[{"embeddable":true,"href":"https:\/\/cafecommessias.com.br\/index.php?rest_route=\/wp\/v2\/media\/4683"}],"wp:attachment":[{"href":"https:\/\/cafecommessias.com.br\/index.php?rest_route=%2Fwp%2Fv2%2Fmedia&parent=4682"}],"wp:term":[{"taxonomy":"category","embeddable":true,"href":"https:\/\/cafecommessias.com.br\/index.php?rest_route=%2Fwp%2Fv2%2Fcategories&post=4682"},{"taxonomy":"post_tag","embeddable":true,"href":"https:\/\/cafecommessias.com.br\/index.php?rest_route=%2Fwp%2Fv2%2Ftags&post=4682"}],"curies":[{"name":"wp","href":"https:\/\/api.w.org\/{rel}","templated":true}]}}