{"id":4696,"date":"2025-11-06T22:55:57","date_gmt":"2025-11-07T01:55:57","guid":{"rendered":"https:\/\/cafecommessias.com.br\/?p=4696"},"modified":"2025-11-06T22:56:18","modified_gmt":"2025-11-07T01:56:18","slug":"governo-lula-mira-planos-de-saude-projeto-quer-impedir-reajuste-para-idosos","status":"publish","type":"post","link":"https:\/\/cafecommessias.com.br\/?p=4696","title":{"rendered":"Governo Lula mira planos de sa\u00fade: projeto quer impedir reajuste para idosos"},"content":{"rendered":"\n<p>O vice-l\u00edder do governo Lula na C\u00e2mara, deputado Rubens Pereira J\u00fanior&nbsp;apresentou um projeto de lei que quer impedir reajustes em planos de sa\u00fade para idosos e pacientes com doen\u00e7as j\u00e1 diagnosticadas, mesmo quando h\u00e1 mudan\u00e7a de faixa et\u00e1ria. A proposta altera a legisla\u00e7\u00e3o que regula os planos e seguros de sa\u00fade privados no pa\u00eds.<\/p>\n\n\n\n<p>Pelo texto, as operadoras ficariam proibidas de aumentar o valor das mensalidades por idade para esses grupos, mesmo que isso esteja previsto em contrato. Segundo o petista, a ideia \u00e9 \u201cgarantir previsibilidade financeira e justi\u00e7a nos reajustes\u201d, evitando o que ele chama de \u201caumentos abusivos\u201d.<\/p>\n\n\n\n<p>\u201cQuem contribuiu a vida inteira n\u00e3o pode ser penalizado justamente quando mais precisa de assist\u00eancia m\u00e9dica\u201d, declarou o deputado, defendendo que o envelhecimento \u201cn\u00e3o seja tratado como fator de exclus\u00e3o\u201d. O projeto j\u00e1 foi protocolado na C\u00e2mara e aguarda an\u00e1lise nas comiss\u00f5es tem\u00e1ticas antes de seguir ao plen\u00e1rio.<\/p>\n\n\n\n<p>O tema est\u00e1 em sintonia com o que o STF tamb\u00e9m discute: os limites da atua\u00e7\u00e3o das operadoras de planos de sa\u00fade. A Corte deve decidir em breve se as empresas ser\u00e3o obrigadas a custear todos os tratamentos prescritos por m\u00e9dicos, inclusive os fora da lista da ANS \u2014 julgamento que pode mexer com todo o setor e afetar milh\u00f5es de brasileiros.<\/p>\n\n\n\n<p><a href=\"https:\/\/www.blogdobg.com.br\/governo-lula-mira-planos-de-saude-projeto-quer-impedir-reajuste-para-idosos\/#comentarios\"><\/a><\/p>\n\n\n\n<p><a href=\"tg:\/\/msg?text=https%3A%2F%2Fwww.blogdobg.com.br%2Fgoverno-lula-mira-planos-de-saude-projeto-quer-impedir-reajuste-para-idosos%2F%20Governo%20Lula%20mira%20planos%20de%20sa%C3%BAde%3A%20projeto%20quer%20impedir%20reajuste%20para%20idosos\"><\/a><\/p>\n\n\n\n<p><a href=\"whatsapp:\/\/send?text=https%3A%2F%2Fwww.blogdobg.com.br%2Fgoverno-lula-mira-planos-de-saude-projeto-quer-impedir-reajuste-para-idosos%2F%20Governo%20Lula%20mira%20planos%20de%20sa%C3%BAde%3A%20projeto%20quer%20impedir%20reajuste%20para%20idosos\"><\/a><\/p>\n\n\n\n<p><a target=\"_blank\" href=\"https:\/\/facebook.com\/sharer\/sharer.php?u=https%3A%2F%2Fwww.blogdobg.com.br%2Fgoverno-lula-mira-planos-de-saude-projeto-quer-impedir-reajuste-para-idosos%2F\" rel=\"noreferrer noopener\"><\/a><\/p>\n\n\n\n<p><a target=\"_blank\" href=\"https:\/\/twitter.com\/share?url=https%3A%2F%2Fwww.blogdobg.com.br%2Fgoverno-lula-mira-planos-de-saude-projeto-quer-impedir-reajuste-para-idosos%2F&amp;text=Governo%20Lula%20mira%20planos%20de%20sa%C3%BAde%3A%20projeto%20quer%20impedir%20reajuste%20para%20idosos\" rel=\"noreferrer noopener\"><\/a><\/p>\n\n\n\n<p><a href=\"mailto:?subject=Governo%20Lula%20mira%20planos%20de%20sa%C3%BAde%3A%20projeto%20quer%20impedir%20reajuste%20para%20idosos&amp;body=https%3A%2F%2Fwww.blogdobg.com.br%2Fgoverno-lula-mira-planos-de-saude-projeto-quer-impedir-reajuste-para-idosos%2F\"><\/a><\/p>\n\n\n\n<p><\/p>\n","protected":false},"excerpt":{"rendered":"<p>O vice-l\u00edder do governo Lula na C\u00e2mara, deputado Rubens Pereira J\u00fanior&nbsp;apresentou um projeto de lei que quer impedir reajustes em planos de sa\u00fade para idosos e pacientes com doen\u00e7as j\u00e1 diagnosticadas, mesmo quando h\u00e1 mudan\u00e7a de faixa et\u00e1ria. A proposta altera a legisla\u00e7\u00e3o que regula os planos e seguros de sa\u00fade privados no pa\u00eds. Pelo&#8230;<\/p>\n","protected":false},"author":1,"featured_media":4697,"comment_status":"open","ping_status":"closed","sticky":false,"template":"","format":"standard","meta":{"footnotes":""},"categories":[3],"tags":[],"class_list":["post-4696","post","type-post","status-publish","format-standard","has-post-thumbnail","hentry","category-geral"],"_links":{"self":[{"href":"https:\/\/cafecommessias.com.br\/index.php?rest_route=\/wp\/v2\/posts\/4696","targetHints":{"allow":["GET"]}}],"collection":[{"href":"https:\/\/cafecommessias.com.br\/index.php?rest_route=\/wp\/v2\/posts"}],"about":[{"href":"https:\/\/cafecommessias.com.br\/index.php?rest_route=\/wp\/v2\/types\/post"}],"author":[{"embeddable":true,"href":"https:\/\/cafecommessias.com.br\/index.php?rest_route=\/wp\/v2\/users\/1"}],"replies":[{"embeddable":true,"href":"https:\/\/cafecommessias.com.br\/index.php?rest_route=%2Fwp%2Fv2%2Fcomments&post=4696"}],"version-history":[{"count":1,"href":"https:\/\/cafecommessias.com.br\/index.php?rest_route=\/wp\/v2\/posts\/4696\/revisions"}],"predecessor-version":[{"id":4698,"href":"https:\/\/cafecommessias.com.br\/index.php?rest_route=\/wp\/v2\/posts\/4696\/revisions\/4698"}],"wp:featuredmedia":[{"embeddable":true,"href":"https:\/\/cafecommessias.com.br\/index.php?rest_route=\/wp\/v2\/media\/4697"}],"wp:attachment":[{"href":"https:\/\/cafecommessias.com.br\/index.php?rest_route=%2Fwp%2Fv2%2Fmedia&parent=4696"}],"wp:term":[{"taxonomy":"category","embeddable":true,"href":"https:\/\/cafecommessias.com.br\/index.php?rest_route=%2Fwp%2Fv2%2Fcategories&post=4696"},{"taxonomy":"post_tag","embeddable":true,"href":"https:\/\/cafecommessias.com.br\/index.php?rest_route=%2Fwp%2Fv2%2Ftags&post=4696"}],"curies":[{"name":"wp","href":"https:\/\/api.w.org\/{rel}","templated":true}]}}