{"id":47,"date":"2025-07-10T00:08:21","date_gmt":"2025-07-10T03:08:21","guid":{"rendered":"http:\/\/cafecommessias.com.br\/?p=47"},"modified":"2025-07-10T00:12:03","modified_gmt":"2025-07-10T03:12:03","slug":"policia-civil-prende-dois-homens-por-furto-de-energia-e-monitoramento-irregular-em-parnamirim","status":"publish","type":"post","link":"https:\/\/cafecommessias.com.br\/?p=47","title":{"rendered":"Pol\u00edcia Civil prende dois homens por furto de energia e monitoramento irregular em Parnamirim"},"content":{"rendered":"\n<p>Policiais civis da 17\u00aa Delegacia de Pol\u00edcia de Parnamirim (17\u00aa DP) prenderam, nesta quarta-feira (09), dois homens, de 51 e 48 anos, suspeitos da pr\u00e1tica do crime de furto de energia el\u00e9trica. Al\u00e9m disso, o homem de 48 anos tamb\u00e9m \u00e9 investigado por realizar o monitoramento irregular das vias p\u00fablicas no bairro Nova Esperan\u00e7a, em Parnamirim\/RN, com o objetivo de dificultar a a\u00e7\u00e3o policial e dar suporte \u00e0s atividades de uma organiza\u00e7\u00e3o criminosa.<\/p>\n\n\n\n<p>As pris\u00f5es foram efetuadas no final da manh\u00e3, no bairro Passagem de Areia, em Parnamirim. Os suspeitos foram conduzidos \u00e0 3\u00aa Delegacia de Plant\u00e3o de Parnamirim e, em seguida, encaminhados ao sistema prisional, onde permanecer\u00e3o \u00e0 disposi\u00e7\u00e3o da Justi\u00e7a.<\/p>\n\n\n\n<p>A Pol\u00edcia Civil refor\u00e7a a import\u00e2ncia da colabora\u00e7\u00e3o da popula\u00e7\u00e3o no enfrentamento \u00e0 criminalidade. Informa\u00e7\u00f5es podem ser repassadas, de forma an\u00f4nima, por meio do Disque Den\u00fancia 181.<\/p>\n\n\n\n<p><sub>Fonte: Secretaria de Comunica\u00e7\u00e3o Social da Pol\u00edcia Civil do RN \u2013 SECOMS<\/sub><\/p>\n\n\n\n<p><\/p>\n","protected":false},"excerpt":{"rendered":"<p>Policiais civis da 17\u00aa Delegacia de Pol\u00edcia de Parnamirim (17\u00aa DP) prenderam, nesta quarta-feira (09), dois homens, de 51 e 48 anos, suspeitos da pr\u00e1tica do crime de furto de energia el\u00e9trica. Al\u00e9m disso, o homem de 48 anos tamb\u00e9m \u00e9 investigado por realizar o monitoramento irregular das vias p\u00fablicas no bairro Nova Esperan\u00e7a, em&#8230;<\/p>\n","protected":false},"author":1,"featured_media":48,"comment_status":"closed","ping_status":"closed","sticky":false,"template":"","format":"standard","meta":{"footnotes":""},"categories":[5],"tags":[],"class_list":["post-47","post","type-post","status-publish","format-standard","has-post-thumbnail","hentry","category-policia"],"_links":{"self":[{"href":"https:\/\/cafecommessias.com.br\/index.php?rest_route=\/wp\/v2\/posts\/47","targetHints":{"allow":["GET"]}}],"collection":[{"href":"https:\/\/cafecommessias.com.br\/index.php?rest_route=\/wp\/v2\/posts"}],"about":[{"href":"https:\/\/cafecommessias.com.br\/index.php?rest_route=\/wp\/v2\/types\/post"}],"author":[{"embeddable":true,"href":"https:\/\/cafecommessias.com.br\/index.php?rest_route=\/wp\/v2\/users\/1"}],"replies":[{"embeddable":true,"href":"https:\/\/cafecommessias.com.br\/index.php?rest_route=%2Fwp%2Fv2%2Fcomments&post=47"}],"version-history":[{"count":1,"href":"https:\/\/cafecommessias.com.br\/index.php?rest_route=\/wp\/v2\/posts\/47\/revisions"}],"predecessor-version":[{"id":49,"href":"https:\/\/cafecommessias.com.br\/index.php?rest_route=\/wp\/v2\/posts\/47\/revisions\/49"}],"wp:featuredmedia":[{"embeddable":true,"href":"https:\/\/cafecommessias.com.br\/index.php?rest_route=\/wp\/v2\/media\/48"}],"wp:attachment":[{"href":"https:\/\/cafecommessias.com.br\/index.php?rest_route=%2Fwp%2Fv2%2Fmedia&parent=47"}],"wp:term":[{"taxonomy":"category","embeddable":true,"href":"https:\/\/cafecommessias.com.br\/index.php?rest_route=%2Fwp%2Fv2%2Fcategories&post=47"},{"taxonomy":"post_tag","embeddable":true,"href":"https:\/\/cafecommessias.com.br\/index.php?rest_route=%2Fwp%2Fv2%2Ftags&post=47"}],"curies":[{"name":"wp","href":"https:\/\/api.w.org\/{rel}","templated":true}]}}