{"id":4711,"date":"2025-11-07T10:49:13","date_gmt":"2025-11-07T13:49:13","guid":{"rendered":"https:\/\/cafecommessias.com.br\/?p=4711"},"modified":"2025-11-07T10:49:39","modified_gmt":"2025-11-07T13:49:39","slug":"lider-do-pl-aplicaram-morfina-para-evitar-reacao-a-prisao-de-bolsonaro","status":"publish","type":"post","link":"https:\/\/cafecommessias.com.br\/?p=4711","title":{"rendered":"L\u00edder do PL: \u201cAplicaram morfina para evitar rea\u00e7\u00e3o \u00e0 pris\u00e3o de Bolsonaro\u201d"},"content":{"rendered":"\n<p>O l\u00edder do PL na C\u00e2mara, deputado S\u00f3stenes Cavalcante (RJ), afirmou \u00e0 CNN Brasil que a defini\u00e7\u00e3o sobre o candidato da direita \u00e0 Presid\u00eancia da Rep\u00fablica em 2026 ser\u00e1 tomada em mar\u00e7o do pr\u00f3ximo ano, e que a \u201cordem\u201d do ex-presidente Jair Bolsonaro (PL) chegar\u00e1 \u201cvia Fl\u00e1vio Bolsonaro\u201d.<\/p>\n\n\n\n<p>O Supremo Tribunal Federal inicia nesta sexta-feira (7) o julgamento dos recursos apresentados pela defesa de Bolsonaro e de outros seis condenados por envolvimento na tentativa de golpe de Estado. A expectativa entre juristas \u00e9 que a pris\u00e3o ocorra entre dezembro e o in\u00edcio de janeiro.<\/p>\n\n\n\n<p>\u201cBolsonaro correria risco de vida na Papuda. Se colocarem ele em um pres\u00eddio, isso ser\u00e1 um tiro no p\u00e9 do sistema e vai fortalecer a direita. Vai ser inevit\u00e1vel a compara\u00e7\u00e3o com Lula, que ficou em uma cela especial na Pol\u00edcia Federal\u201d, disse S\u00f3stenes.<\/p>\n\n\n\n<p>O parlamentar tamb\u00e9m afirmou que n\u00e3o devem ocorrer grandes mobiliza\u00e7\u00f5es populares ap\u00f3s uma eventual pris\u00e3o, responsabilizando o STF pela apatia.<\/p>\n\n\n\n<p>\u201cAplicaram morfina aos poucos para n\u00e3o haver rea\u00e7\u00e3o popular\u201d, declarou.<\/p>\n\n\n\n<p>Outro aliado de Bolsonaro, o vice-prefeito de S\u00e3o Paulo, Coronel Ricardo Mello Ara\u00fajo (PL), disse que a direita aguardar\u00e1 as orienta\u00e7\u00f5es do ex-presidente sobre as elei\u00e7\u00f5es de 2026.<\/p>\n\n\n\n<p>\u201cN\u00e3o dou um passo se ouv\u00ed-lo. Se acontecer a pris\u00e3o, vamos seguir as orienta\u00e7\u00f5es de Bolsonaro\u201d, afirmou Mello \u00e0 CNN Brasil.<\/p>\n\n\n\n<p><em><sub>Por CNN<\/sub><\/em><\/p>\n\n\n\n<p><\/p>\n","protected":false},"excerpt":{"rendered":"<p>O l\u00edder do PL na C\u00e2mara, deputado S\u00f3stenes Cavalcante (RJ), afirmou \u00e0 CNN Brasil que a defini\u00e7\u00e3o sobre o candidato da direita \u00e0 Presid\u00eancia da Rep\u00fablica em 2026 ser\u00e1 tomada em mar\u00e7o do pr\u00f3ximo ano, e que a \u201cordem\u201d do ex-presidente Jair Bolsonaro (PL) chegar\u00e1 \u201cvia Fl\u00e1vio Bolsonaro\u201d. O Supremo Tribunal Federal inicia nesta sexta-feira&#8230;<\/p>\n","protected":false},"author":1,"featured_media":4712,"comment_status":"open","ping_status":"closed","sticky":false,"template":"","format":"standard","meta":{"footnotes":""},"categories":[6],"tags":[],"class_list":["post-4711","post","type-post","status-publish","format-standard","has-post-thumbnail","hentry","category-politica"],"_links":{"self":[{"href":"https:\/\/cafecommessias.com.br\/index.php?rest_route=\/wp\/v2\/posts\/4711","targetHints":{"allow":["GET"]}}],"collection":[{"href":"https:\/\/cafecommessias.com.br\/index.php?rest_route=\/wp\/v2\/posts"}],"about":[{"href":"https:\/\/cafecommessias.com.br\/index.php?rest_route=\/wp\/v2\/types\/post"}],"author":[{"embeddable":true,"href":"https:\/\/cafecommessias.com.br\/index.php?rest_route=\/wp\/v2\/users\/1"}],"replies":[{"embeddable":true,"href":"https:\/\/cafecommessias.com.br\/index.php?rest_route=%2Fwp%2Fv2%2Fcomments&post=4711"}],"version-history":[{"count":1,"href":"https:\/\/cafecommessias.com.br\/index.php?rest_route=\/wp\/v2\/posts\/4711\/revisions"}],"predecessor-version":[{"id":4713,"href":"https:\/\/cafecommessias.com.br\/index.php?rest_route=\/wp\/v2\/posts\/4711\/revisions\/4713"}],"wp:featuredmedia":[{"embeddable":true,"href":"https:\/\/cafecommessias.com.br\/index.php?rest_route=\/wp\/v2\/media\/4712"}],"wp:attachment":[{"href":"https:\/\/cafecommessias.com.br\/index.php?rest_route=%2Fwp%2Fv2%2Fmedia&parent=4711"}],"wp:term":[{"taxonomy":"category","embeddable":true,"href":"https:\/\/cafecommessias.com.br\/index.php?rest_route=%2Fwp%2Fv2%2Fcategories&post=4711"},{"taxonomy":"post_tag","embeddable":true,"href":"https:\/\/cafecommessias.com.br\/index.php?rest_route=%2Fwp%2Fv2%2Ftags&post=4711"}],"curies":[{"name":"wp","href":"https:\/\/api.w.org\/{rel}","templated":true}]}}