{"id":4717,"date":"2025-11-07T10:55:58","date_gmt":"2025-11-07T13:55:58","guid":{"rendered":"https:\/\/cafecommessias.com.br\/?p=4717"},"modified":"2025-11-07T10:56:14","modified_gmt":"2025-11-07T13:56:14","slug":"veiculo-retido-em-blitz-pode-ser-liberado-apos-regularizacao-junto-ao-detran-rn-veja-como-proceder","status":"publish","type":"post","link":"https:\/\/cafecommessias.com.br\/?p=4717","title":{"rendered":"Ve\u00edculo retido em blitz pode ser liberado ap\u00f3s regulariza\u00e7\u00e3o junto ao Detran\/RN; veja como proceder"},"content":{"rendered":"\n<p>O Departamento Estadual de Tr\u00e2nsito do Rio Grande do Norte (Detran\/RN) disponibiliza no seu\u00a0<em>Portal de Servi\u00e7os<\/em>\u00a0um passo a passo orientando os propriet\u00e1rios de ve\u00edculos sobre os procedimentos para libera\u00e7\u00e3o de autom\u00f3vel retido durante fiscaliza\u00e7\u00f5es realizadas pelo Comando de Policiamento Rodovi\u00e1rio Estadual (CPRE) ou pelas demais unidades ostensivas da Pol\u00edcia Militar do RN.<\/p>\n\n\n\n<p>Logo ap\u00f3s a reten\u00e7\u00e3o, os ve\u00edculos s\u00e3o encaminhados para p\u00e1tios do Detran distribu\u00eddos nas regi\u00f5es Oeste, Metropolitana e Serid\u00f3.<\/p>\n\n\n\n<p>Na Regi\u00e3o Oeste, os ve\u00edculos s\u00e3o direcionados ao p\u00e1tio de Mossor\u00f3, localizado na Avenida Centen\u00e1ria, 1000, bairro Aeroporto. A libera\u00e7\u00e3o pode ser feita nas unidades do Detran em Ass\u00fa, Mossor\u00f3 ou Pau dos Ferros.<\/p>\n\n\n\n<p>J\u00e1 na Regi\u00e3o Metropolitana, o recolhimento ocorre no p\u00e1tio do Detran\/RN na cidade de S\u00e3o Gon\u00e7alo do Amarante, situada na Avenida Ruy Pereira dos Santos, 2565, bairro Olho d\u2019\u00c1gua, e na Regi\u00e3o Serid\u00f3, os autom\u00f3veis s\u00e3o levados ao p\u00e1tio de Caic\u00f3, localizado na Rodovia RN-288, Km 1.1, Zona Rural, e o propriet\u00e1rio pode realizar o procedimento nas unidades do Detran em Caic\u00f3, Parelhas ou Currais Novos.<\/p>\n\n\n\n<p>Para efetuar a libera\u00e7\u00e3o, \u00e9 necess\u00e1rio que o propriet\u00e1rio ajuste alguma altera\u00e7\u00e3o irregular no ve\u00edculo, caso possua, e quite todos os d\u00e9bitos pendentes do ve\u00edculo, como IPVA, licenciamento, multas e taxa de bombeiros, como tamb\u00e9m, \u00e9 preciso pagar a taxa de libera\u00e7\u00e3o no valor de R$ 20,00 e as despesas relativas ao reboque, cust\u00f3dia e vistoria, conforme estabelece a Lei Estadual n\u00ba 10.301\/2017.<\/p>\n\n\n\n<p>O reboque custa R$ 110,00 dentro do per\u00edmetro urbano, acrescido de R$ 3,00 por quil\u00f4metro rodado fora do per\u00edmetro. A di\u00e1ria de p\u00e1tio \u00e9 de R$ 10,00 e a vistoria, R$ 110,00.<\/p>\n\n\n\n<p>Os d\u00e9bitos podem ser pagos de forma online, por meio do aplicativo do Banco do Brasil, utilizando a placa e o RENAVAM, ou pelo\u00a0<em>Portal de Servi\u00e7os do Detran\/RN<\/em>, na op\u00e7\u00e3o \u201cMeus Ve\u00edculos\u201d, com pagamento via PIX ou boletos banc\u00e1rios pelo aplicativo do banco ou correspondente PagF\u00e1cil. As taxas referentes \u00e0 remo\u00e7\u00e3o, guarda e vistoria devem ser quitadas diretamente no p\u00e1tio, no momento da retirada do ve\u00edculo, ap\u00f3s autoriza\u00e7\u00e3o do Detran.<\/p>\n\n\n\n<p>Para dar in\u00edcio ao processo de libera\u00e7\u00e3o, o propriet\u00e1rio deve realizar agendamento no site portal.detran.rn.gov.br, acessando a op\u00e7\u00e3o \u201cAgendamentos &gt; Ve\u00edculos &gt; Libera\u00e7\u00e3o de Ve\u00edculo Apreendido\u201d, e selecionar a unidade onde o atendimento ser\u00e1 feito. No dia agendado, \u00e9 necess\u00e1rio apresentar toda a documenta\u00e7\u00e3o exigida.<\/p>\n\n\n\n<p>No caso de pessoa f\u00edsica, deve-se portar o CRV (modelo f\u00edsico) ou o CRV-e (vers\u00e3o eletr\u00f4nica) do ve\u00edculo, ambos com duas c\u00f3pias, al\u00e9m da CNH, documento oficial com foto emitido h\u00e1 menos de dez anos e comprovante de endere\u00e7o. Para pessoa jur\u00eddica, \u00e9 necess\u00e1rio apresentar, al\u00e9m da documenta\u00e7\u00e3o pessoal, comprovante de titularidade da empresa, como contrato social, ata ou declara\u00e7\u00e3o de firma individual.<\/p>\n\n\n\n<p>Nos casos em que o propriet\u00e1rio optar por representa\u00e7\u00e3o, o procurador dever\u00e1 apresentar a documenta\u00e7\u00e3o pr\u00f3pria e do propriet\u00e1rio, acompanhada de procura\u00e7\u00e3o p\u00fablica autenticada, com poderes espec\u00edficos para o servi\u00e7o. Quando se tratar de advogado, \u00e9 aceita procura\u00e7\u00e3o particular, acompanhada da carteira da OAB e dos demais documentos exigidos.<\/p>\n\n\n\n<p>O Detran\/RN refor\u00e7a que, de acordo com a Resolu\u00e7\u00e3o n\u00ba 623\/2016 do Contran e o artigo 328 do C\u00f3digo de Tr\u00e2nsito Brasileiro, ve\u00edculos recolhidos e n\u00e3o reclamados por seus propriet\u00e1rios no prazo de sessenta dias, a contar da data do recolhimento, poder\u00e3o ser levados a leil\u00e3o p\u00fablico. A medida visa garantir o cumprimento da legisla\u00e7\u00e3o que regulamenta os procedimentos de remo\u00e7\u00e3o, cust\u00f3dia e aliena\u00e7\u00e3o de ve\u00edculos apreendidos, assegurando maior organiza\u00e7\u00e3o e efici\u00eancia na gest\u00e3o dos p\u00e1tios do Detran.<\/p>\n\n\n\n<p><em><sub>Fonte:\u00a0Assessoria de Comunica\u00e7\u00e3o Detran\/RN<\/sub><\/em><\/p>\n","protected":false},"excerpt":{"rendered":"<p>O Departamento Estadual de Tr\u00e2nsito do Rio Grande do Norte (Detran\/RN) disponibiliza no seu\u00a0Portal de Servi\u00e7os\u00a0um passo a passo orientando os propriet\u00e1rios de ve\u00edculos sobre os procedimentos para libera\u00e7\u00e3o de autom\u00f3vel retido durante fiscaliza\u00e7\u00f5es realizadas pelo Comando de Policiamento Rodovi\u00e1rio Estadual (CPRE) ou pelas demais unidades ostensivas da Pol\u00edcia Militar do RN. Logo ap\u00f3s a&#8230;<\/p>\n","protected":false},"author":1,"featured_media":4718,"comment_status":"open","ping_status":"closed","sticky":false,"template":"","format":"standard","meta":{"footnotes":""},"categories":[3],"tags":[],"class_list":["post-4717","post","type-post","status-publish","format-standard","has-post-thumbnail","hentry","category-geral"],"_links":{"self":[{"href":"https:\/\/cafecommessias.com.br\/index.php?rest_route=\/wp\/v2\/posts\/4717","targetHints":{"allow":["GET"]}}],"collection":[{"href":"https:\/\/cafecommessias.com.br\/index.php?rest_route=\/wp\/v2\/posts"}],"about":[{"href":"https:\/\/cafecommessias.com.br\/index.php?rest_route=\/wp\/v2\/types\/post"}],"author":[{"embeddable":true,"href":"https:\/\/cafecommessias.com.br\/index.php?rest_route=\/wp\/v2\/users\/1"}],"replies":[{"embeddable":true,"href":"https:\/\/cafecommessias.com.br\/index.php?rest_route=%2Fwp%2Fv2%2Fcomments&post=4717"}],"version-history":[{"count":1,"href":"https:\/\/cafecommessias.com.br\/index.php?rest_route=\/wp\/v2\/posts\/4717\/revisions"}],"predecessor-version":[{"id":4719,"href":"https:\/\/cafecommessias.com.br\/index.php?rest_route=\/wp\/v2\/posts\/4717\/revisions\/4719"}],"wp:featuredmedia":[{"embeddable":true,"href":"https:\/\/cafecommessias.com.br\/index.php?rest_route=\/wp\/v2\/media\/4718"}],"wp:attachment":[{"href":"https:\/\/cafecommessias.com.br\/index.php?rest_route=%2Fwp%2Fv2%2Fmedia&parent=4717"}],"wp:term":[{"taxonomy":"category","embeddable":true,"href":"https:\/\/cafecommessias.com.br\/index.php?rest_route=%2Fwp%2Fv2%2Fcategories&post=4717"},{"taxonomy":"post_tag","embeddable":true,"href":"https:\/\/cafecommessias.com.br\/index.php?rest_route=%2Fwp%2Fv2%2Ftags&post=4717"}],"curies":[{"name":"wp","href":"https:\/\/api.w.org\/{rel}","templated":true}]}}