{"id":4753,"date":"2025-11-07T19:39:04","date_gmt":"2025-11-07T22:39:04","guid":{"rendered":"https:\/\/cafecommessias.com.br\/?p=4753"},"modified":"2025-11-07T19:45:20","modified_gmt":"2025-11-07T22:45:20","slug":"prefeita-janaina-de-salin-da-pontape-na-reforma-do-mercado-publico-de-lagoa-de-pedras","status":"publish","type":"post","link":"https:\/\/cafecommessias.com.br\/?p=4753","title":{"rendered":"Prefeita Jana\u00edna de Salin d\u00e1 pontap\u00e9 na reforma do Mercado P\u00fablico de Lagoa de Pedras"},"content":{"rendered":"\n<p>A prefeita de Lagoa de Pedras, Jana\u00edna de Salin, anunciou o in\u00edcio da reforma do Mercado P\u00fablico Municipal, uma das obras mais esperadas pela popula\u00e7\u00e3o. Os servi\u00e7os come\u00e7am neste m\u00eas de novembro e t\u00eam como objetivo revitalizar um dos principais espa\u00e7os de conviv\u00eancia e gera\u00e7\u00e3o de renda do munic\u00edpio. O projeto vai garantir mais conforto e melhores condi\u00e7\u00f5es de trabalho para os comerciantes, al\u00e9m de mais seguran\u00e7a e comodidade para os consumidores.<\/p>\n\n\n\n<p>A interven\u00e7\u00e3o contempla melhorias estruturais completas, como a recupera\u00e7\u00e3o das instala\u00e7\u00f5es el\u00e9tricas e hidr\u00e1ulicas, moderniza\u00e7\u00e3o dos boxes, reforma dos banheiros, amplia\u00e7\u00e3o das \u00e1reas de circula\u00e7\u00e3o e adequa\u00e7\u00e3o \u00e0s normas de acessibilidade. Com a obra, a Prefeitura pretende transformar o mercado em um ambiente mais limpo, organizado e funcional, incentivando o com\u00e9rcio local e fortalecendo a economia da cidade.<\/p>\n\n\n\n<figure class=\"wp-block-image size-full\"><img loading=\"lazy\" decoding=\"async\" width=\"902\" height=\"832\" src=\"https:\/\/cafecommessias.com.br\/wp-content\/uploads\/2025\/11\/WhatsApp-Image-2025-11-07-at-16.44.17.jpeg\" alt=\"\" class=\"wp-image-4754\" srcset=\"https:\/\/cafecommessias.com.br\/wp-content\/uploads\/2025\/11\/WhatsApp-Image-2025-11-07-at-16.44.17.jpeg 902w, https:\/\/cafecommessias.com.br\/wp-content\/uploads\/2025\/11\/WhatsApp-Image-2025-11-07-at-16.44.17-300x277.jpeg 300w, https:\/\/cafecommessias.com.br\/wp-content\/uploads\/2025\/11\/WhatsApp-Image-2025-11-07-at-16.44.17-768x708.jpeg 768w\" sizes=\"auto, (max-width: 902px) 100vw, 902px\" \/><\/figure>\n\n\n\n<p>Segundo a prefeita Jana\u00edna de Salin, a obra representa um passo importante na valoriza\u00e7\u00e3o dos espa\u00e7os p\u00fablicos e na melhoria da qualidade de vida dos moradores. \u201c\u00c9 com muita alegria que anunciamos essa conquista. O Mercado P\u00fablico \u00e9 parte da hist\u00f3ria e da rotina da nossa cidade. Com essa reforma, queremos oferecer um ambiente digno, moderno e acolhedor para todos que fazem e frequentam o com\u00e9rcio local\u201d, destacou a gestora.<\/p>\n","protected":false},"excerpt":{"rendered":"<p>A prefeita de Lagoa de Pedras, Jana\u00edna de Salin, anunciou o in\u00edcio da reforma do Mercado P\u00fablico Municipal, uma das obras mais esperadas pela popula\u00e7\u00e3o. Os servi\u00e7os come\u00e7am neste m\u00eas de novembro e t\u00eam como objetivo revitalizar um dos principais espa\u00e7os de conviv\u00eancia e gera\u00e7\u00e3o de renda do munic\u00edpio. O projeto vai garantir mais conforto&#8230;<\/p>\n","protected":false},"author":1,"featured_media":4755,"comment_status":"open","ping_status":"closed","sticky":false,"template":"","format":"standard","meta":{"footnotes":""},"categories":[3],"tags":[],"class_list":["post-4753","post","type-post","status-publish","format-standard","has-post-thumbnail","hentry","category-geral"],"_links":{"self":[{"href":"https:\/\/cafecommessias.com.br\/index.php?rest_route=\/wp\/v2\/posts\/4753","targetHints":{"allow":["GET"]}}],"collection":[{"href":"https:\/\/cafecommessias.com.br\/index.php?rest_route=\/wp\/v2\/posts"}],"about":[{"href":"https:\/\/cafecommessias.com.br\/index.php?rest_route=\/wp\/v2\/types\/post"}],"author":[{"embeddable":true,"href":"https:\/\/cafecommessias.com.br\/index.php?rest_route=\/wp\/v2\/users\/1"}],"replies":[{"embeddable":true,"href":"https:\/\/cafecommessias.com.br\/index.php?rest_route=%2Fwp%2Fv2%2Fcomments&post=4753"}],"version-history":[{"count":1,"href":"https:\/\/cafecommessias.com.br\/index.php?rest_route=\/wp\/v2\/posts\/4753\/revisions"}],"predecessor-version":[{"id":4756,"href":"https:\/\/cafecommessias.com.br\/index.php?rest_route=\/wp\/v2\/posts\/4753\/revisions\/4756"}],"wp:featuredmedia":[{"embeddable":true,"href":"https:\/\/cafecommessias.com.br\/index.php?rest_route=\/wp\/v2\/media\/4755"}],"wp:attachment":[{"href":"https:\/\/cafecommessias.com.br\/index.php?rest_route=%2Fwp%2Fv2%2Fmedia&parent=4753"}],"wp:term":[{"taxonomy":"category","embeddable":true,"href":"https:\/\/cafecommessias.com.br\/index.php?rest_route=%2Fwp%2Fv2%2Fcategories&post=4753"},{"taxonomy":"post_tag","embeddable":true,"href":"https:\/\/cafecommessias.com.br\/index.php?rest_route=%2Fwp%2Fv2%2Ftags&post=4753"}],"curies":[{"name":"wp","href":"https:\/\/api.w.org\/{rel}","templated":true}]}}