{"id":4784,"date":"2025-11-08T07:56:32","date_gmt":"2025-11-08T10:56:32","guid":{"rendered":"https:\/\/cafecommessias.com.br\/?p=4784"},"modified":"2025-11-08T07:57:06","modified_gmt":"2025-11-08T10:57:06","slug":"lava-jato-enfraquece-justica-reduz-pena-de-ex-diretor-da-dersa-de-143-para-5-anos","status":"publish","type":"post","link":"https:\/\/cafecommessias.com.br\/?p=4784","title":{"rendered":"Lava Jato enfraquece: Justi\u00e7a reduz pena de ex-diretor da Dersa de 143 para 5 anos"},"content":{"rendered":"\n<p>Paulo Vieira de Souza, o infame \u201cPaulo Preto\u201d, ex-diretor da Dersa e alvo da Lava Jato, viu sua pena de 143 anos virar apenas 5 anos, 11 meses e 3 dias em regime semiaberto. O engenheiro foi condenado por desviar milh\u00f5es do Rodoanel e avenidas paulistanas para beneficiar empregadas dom\u00e9sticas da fam\u00edlia.<\/p>\n\n\n\n<p>O TRF-3 ainda reduziu a multa de R$ 13,4 milh\u00f5es para apenas 28 dias-multa. Dinheiro que deveria indenizar moradores prejudicados pelas obras agora praticamente desaparece na decis\u00e3o. Segundo o MPF, a roubalheira era clara, mas a Justi\u00e7a resolveu dar um \u201cal\u00edvio\u201d surreal.<\/p>\n\n\n\n<p>A ju\u00edza Maria Isabel do Prado havia condenado Paulo em 2019 por peculato, fraude e associa\u00e7\u00e3o criminosa. Em 2023, revisou a pena para 143 anos. Agora, com apenas o crime de peculato mantido, a defesa j\u00e1 promete pedir prescri\u00e7\u00e3o. Resultado: um esc\u00e1rnio judicial que faz parecer que crimes milion\u00e1rios saem barato.<\/p>\n\n\n\n<p>O advogado Leandro Ponzo celebrou: \u201cA decis\u00e3o mostra a import\u00e2ncia do duplo grau de jurisdi\u00e7\u00e3o e da proporcionalidade\u201d. Para o cidad\u00e3o comum, resta a sensa\u00e7\u00e3o de que no Brasil milion\u00e1rios desviadores riem da Justi\u00e7a \u2014 literalmente.<\/p>\n","protected":false},"excerpt":{"rendered":"<p>Paulo Vieira de Souza, o infame \u201cPaulo Preto\u201d, ex-diretor da Dersa e alvo da Lava Jato, viu sua pena de 143 anos virar apenas 5 anos, 11 meses e 3 dias em regime semiaberto. O engenheiro foi condenado por desviar milh\u00f5es do Rodoanel e avenidas paulistanas para beneficiar empregadas dom\u00e9sticas da fam\u00edlia. O TRF-3 ainda&#8230;<\/p>\n","protected":false},"author":1,"featured_media":4785,"comment_status":"open","ping_status":"closed","sticky":false,"template":"","format":"standard","meta":{"footnotes":""},"categories":[37],"tags":[],"class_list":["post-4784","post","type-post","status-publish","format-standard","has-post-thumbnail","hentry","category-brasil"],"_links":{"self":[{"href":"https:\/\/cafecommessias.com.br\/index.php?rest_route=\/wp\/v2\/posts\/4784","targetHints":{"allow":["GET"]}}],"collection":[{"href":"https:\/\/cafecommessias.com.br\/index.php?rest_route=\/wp\/v2\/posts"}],"about":[{"href":"https:\/\/cafecommessias.com.br\/index.php?rest_route=\/wp\/v2\/types\/post"}],"author":[{"embeddable":true,"href":"https:\/\/cafecommessias.com.br\/index.php?rest_route=\/wp\/v2\/users\/1"}],"replies":[{"embeddable":true,"href":"https:\/\/cafecommessias.com.br\/index.php?rest_route=%2Fwp%2Fv2%2Fcomments&post=4784"}],"version-history":[{"count":1,"href":"https:\/\/cafecommessias.com.br\/index.php?rest_route=\/wp\/v2\/posts\/4784\/revisions"}],"predecessor-version":[{"id":4786,"href":"https:\/\/cafecommessias.com.br\/index.php?rest_route=\/wp\/v2\/posts\/4784\/revisions\/4786"}],"wp:featuredmedia":[{"embeddable":true,"href":"https:\/\/cafecommessias.com.br\/index.php?rest_route=\/wp\/v2\/media\/4785"}],"wp:attachment":[{"href":"https:\/\/cafecommessias.com.br\/index.php?rest_route=%2Fwp%2Fv2%2Fmedia&parent=4784"}],"wp:term":[{"taxonomy":"category","embeddable":true,"href":"https:\/\/cafecommessias.com.br\/index.php?rest_route=%2Fwp%2Fv2%2Fcategories&post=4784"},{"taxonomy":"post_tag","embeddable":true,"href":"https:\/\/cafecommessias.com.br\/index.php?rest_route=%2Fwp%2Fv2%2Ftags&post=4784"}],"curies":[{"name":"wp","href":"https:\/\/api.w.org\/{rel}","templated":true}]}}