{"id":4787,"date":"2025-11-08T08:01:10","date_gmt":"2025-11-08T11:01:10","guid":{"rendered":"https:\/\/cafecommessias.com.br\/?p=4787"},"modified":"2025-11-08T08:01:35","modified_gmt":"2025-11-08T11:01:35","slug":"agreste-rn-homem-e-preso-em-flagrante-pela-guarda-municip-por-furto-qualificado","status":"publish","type":"post","link":"https:\/\/cafecommessias.com.br\/?p=4787","title":{"rendered":"AGRESTE\/RN: Homem \u00e9 preso em flagrante pela Guarda Municip por furto qualificado"},"content":{"rendered":"\n<p>Nas primeiras horas da manh\u00e3 desta sexta-feira (7), por volta das 5h, a Guarda Municipal de Brejinho (RN) recebeu uma den\u00fancia, via telefone institucional, informando sobre o arrombamento de uma oficina de autom\u00f3veis no centro da cidade.<\/p>\n\n\n\n<p>A equipe se deslocou imediatamente ao local e constatou o fato, encontrando a porta do estabelecimento arrombada e o suspeito j\u00e1 do lado de fora, com os objetos furtados em m\u00e3os.<\/p>\n\n\n\n<p>O indiv\u00edduo foi preso em flagrante por furto qualificado e conduzido \u00e0 delegacia de plant\u00e3o para os procedimentos cab\u00edveis.<\/p>\n","protected":false},"excerpt":{"rendered":"<p>Nas primeiras horas da manh\u00e3 desta sexta-feira (7), por volta das 5h, a Guarda Municipal de Brejinho (RN) recebeu uma den\u00fancia, via telefone institucional, informando sobre o arrombamento de uma oficina de autom\u00f3veis no centro da cidade. A equipe se deslocou imediatamente ao local e constatou o fato, encontrando a porta do estabelecimento arrombada e&#8230;<\/p>\n","protected":false},"author":1,"featured_media":4788,"comment_status":"open","ping_status":"closed","sticky":false,"template":"","format":"standard","meta":{"footnotes":""},"categories":[8],"tags":[],"class_list":["post-4787","post","type-post","status-publish","format-standard","has-post-thumbnail","hentry","category-cidades"],"_links":{"self":[{"href":"https:\/\/cafecommessias.com.br\/index.php?rest_route=\/wp\/v2\/posts\/4787","targetHints":{"allow":["GET"]}}],"collection":[{"href":"https:\/\/cafecommessias.com.br\/index.php?rest_route=\/wp\/v2\/posts"}],"about":[{"href":"https:\/\/cafecommessias.com.br\/index.php?rest_route=\/wp\/v2\/types\/post"}],"author":[{"embeddable":true,"href":"https:\/\/cafecommessias.com.br\/index.php?rest_route=\/wp\/v2\/users\/1"}],"replies":[{"embeddable":true,"href":"https:\/\/cafecommessias.com.br\/index.php?rest_route=%2Fwp%2Fv2%2Fcomments&post=4787"}],"version-history":[{"count":1,"href":"https:\/\/cafecommessias.com.br\/index.php?rest_route=\/wp\/v2\/posts\/4787\/revisions"}],"predecessor-version":[{"id":4789,"href":"https:\/\/cafecommessias.com.br\/index.php?rest_route=\/wp\/v2\/posts\/4787\/revisions\/4789"}],"wp:featuredmedia":[{"embeddable":true,"href":"https:\/\/cafecommessias.com.br\/index.php?rest_route=\/wp\/v2\/media\/4788"}],"wp:attachment":[{"href":"https:\/\/cafecommessias.com.br\/index.php?rest_route=%2Fwp%2Fv2%2Fmedia&parent=4787"}],"wp:term":[{"taxonomy":"category","embeddable":true,"href":"https:\/\/cafecommessias.com.br\/index.php?rest_route=%2Fwp%2Fv2%2Fcategories&post=4787"},{"taxonomy":"post_tag","embeddable":true,"href":"https:\/\/cafecommessias.com.br\/index.php?rest_route=%2Fwp%2Fv2%2Ftags&post=4787"}],"curies":[{"name":"wp","href":"https:\/\/api.w.org\/{rel}","templated":true}]}}