{"id":4796,"date":"2025-11-08T08:13:18","date_gmt":"2025-11-08T11:13:18","guid":{"rendered":"https:\/\/cafecommessias.com.br\/?p=4796"},"modified":"2025-11-08T08:13:37","modified_gmt":"2025-11-08T11:13:37","slug":"entre-debates-do-clima-belem-ainda-corre-para-entregar-estrutura-da-cop30","status":"publish","type":"post","link":"https:\/\/cafecommessias.com.br\/?p=4796","title":{"rendered":"Entre debates do clima, Bel\u00e9m ainda corre para entregar estrutura da COP30"},"content":{"rendered":"\n<p>A realiza\u00e7\u00e3o da COP30 em Bel\u00e9m segue marcada por atrasos e ajustes de \u00faltima hora. Enquanto l\u00edderes de mais de 140 pa\u00edses participavam da abertura com apresenta\u00e7\u00e3o do Bumba meu Boi, na quinta-feira (6), trabalhadores ainda corriam para contornar pend\u00eancias do evento. Na \u00e1rea de circula\u00e7\u00e3o de delega\u00e7\u00f5es e imprensa, o cen\u00e1rio inclu\u00eda marteladas, cheiro de madeira rec\u00e9m-cortada, banheiros sem \u00e1gua e pontos de alimenta\u00e7\u00e3o fechados. Houve tamb\u00e9m relatos de internet falhando e instala\u00e7\u00f5es incompletas.<\/p>\n\n\n\n<p>O secret\u00e1rio da COP-30, Valter Correia, admitiu que ainda h\u00e1 interven\u00e7\u00f5es em andamento na Zona Azul, onde ocorre a c\u00fapula, mas afirmou que os ajustes eram \u201cprevistos\u201d e n\u00e3o comprometem a estrutura central. Segundo ele, apesar do atraso, tudo estar\u00e1 conclu\u00eddo at\u00e9 segunda-feira (10). \u201cSempre h\u00e1 um pequeno atraso, mas, para a c\u00fapula dos l\u00edderes, est\u00e1 tudo funcionando\u201d, garantiu.<\/p>\n\n\n\n<p>Mesmo com os contratempos, o governo avaliou como positivo o resultado da C\u00fapula de L\u00edderes encerrada na sexta (7). Um dos principais destaques foi o avan\u00e7o do Tropical Forests Forever Fund (TFFF), fundo brasileiro voltado \u00e0 preserva\u00e7\u00e3o de florestas tropicais. Os compromissos de aporte j\u00e1 superam US$ 5,5 bilh\u00f5es, e a meta \u00e9 atingir US$ 10 bilh\u00f5es at\u00e9 o fim do ano. Segundo negociadores, h\u00e1 expectativa de novos an\u00fancios de pa\u00edses como Alemanha, China, Reino Unido, Espanha e Noruega.<\/p>\n\n\n\n<p>Ao final do encontro, 43 na\u00e7\u00f5es aderiram a uma declara\u00e7\u00e3o conjunta que liga a\u00e7\u00e3o clim\u00e1tica ao combate \u00e0 fome e \u00e0 pobreza. O texto alerta para os efeitos desiguais das mudan\u00e7as do clima e cobra mais prioridade para adapta\u00e7\u00e3o. O Brasil tamb\u00e9m apresentou uma proposta de fundo para a transi\u00e7\u00e3o energ\u00e9tica, baseado no lucro de combust\u00edveis f\u00f3sseis. A ideia, lan\u00e7ada por Lula, deve come\u00e7ar no \u00e2mbito nacional e servir de modelo futuramente para debates internacionais na COP.<\/p>\n\n\n\n<p><em><sub>Por R7<\/sub><\/em><\/p>\n\n\n\n<p><\/p>\n","protected":false},"excerpt":{"rendered":"<p>A realiza\u00e7\u00e3o da COP30 em Bel\u00e9m segue marcada por atrasos e ajustes de \u00faltima hora. Enquanto l\u00edderes de mais de 140 pa\u00edses participavam da abertura com apresenta\u00e7\u00e3o do Bumba meu Boi, na quinta-feira (6), trabalhadores ainda corriam para contornar pend\u00eancias do evento. Na \u00e1rea de circula\u00e7\u00e3o de delega\u00e7\u00f5es e imprensa, o cen\u00e1rio inclu\u00eda marteladas, cheiro&#8230;<\/p>\n","protected":false},"author":1,"featured_media":4797,"comment_status":"open","ping_status":"closed","sticky":false,"template":"","format":"standard","meta":{"footnotes":""},"categories":[37],"tags":[],"class_list":["post-4796","post","type-post","status-publish","format-standard","has-post-thumbnail","hentry","category-brasil"],"_links":{"self":[{"href":"https:\/\/cafecommessias.com.br\/index.php?rest_route=\/wp\/v2\/posts\/4796","targetHints":{"allow":["GET"]}}],"collection":[{"href":"https:\/\/cafecommessias.com.br\/index.php?rest_route=\/wp\/v2\/posts"}],"about":[{"href":"https:\/\/cafecommessias.com.br\/index.php?rest_route=\/wp\/v2\/types\/post"}],"author":[{"embeddable":true,"href":"https:\/\/cafecommessias.com.br\/index.php?rest_route=\/wp\/v2\/users\/1"}],"replies":[{"embeddable":true,"href":"https:\/\/cafecommessias.com.br\/index.php?rest_route=%2Fwp%2Fv2%2Fcomments&post=4796"}],"version-history":[{"count":1,"href":"https:\/\/cafecommessias.com.br\/index.php?rest_route=\/wp\/v2\/posts\/4796\/revisions"}],"predecessor-version":[{"id":4798,"href":"https:\/\/cafecommessias.com.br\/index.php?rest_route=\/wp\/v2\/posts\/4796\/revisions\/4798"}],"wp:featuredmedia":[{"embeddable":true,"href":"https:\/\/cafecommessias.com.br\/index.php?rest_route=\/wp\/v2\/media\/4797"}],"wp:attachment":[{"href":"https:\/\/cafecommessias.com.br\/index.php?rest_route=%2Fwp%2Fv2%2Fmedia&parent=4796"}],"wp:term":[{"taxonomy":"category","embeddable":true,"href":"https:\/\/cafecommessias.com.br\/index.php?rest_route=%2Fwp%2Fv2%2Fcategories&post=4796"},{"taxonomy":"post_tag","embeddable":true,"href":"https:\/\/cafecommessias.com.br\/index.php?rest_route=%2Fwp%2Fv2%2Ftags&post=4796"}],"curies":[{"name":"wp","href":"https:\/\/api.w.org\/{rel}","templated":true}]}}