{"id":483,"date":"2025-07-13T11:23:16","date_gmt":"2025-07-13T14:23:16","guid":{"rendered":"http:\/\/cafecommessias.com.br\/?p=483"},"modified":"2025-07-13T11:23:30","modified_gmt":"2025-07-13T14:23:30","slug":"cartoes-corporativos-do-governo-lula-r56-milhoes-em-seis-meses","status":"publish","type":"post","link":"https:\/\/cafecommessias.com.br\/?p=483","title":{"rendered":"Cart\u00f5es corporativos do governo Lula: R$56 milh\u00f5es em seis meses"},"content":{"rendered":"\n<p>Os cart\u00f5es de pagamento do governo Lula (PT), os tais \u201ccart\u00f5es corporativos\u201d, j\u00e1 tomaram mais de R$56 milh\u00f5es dos pagadores de impostos apenas no primeiro semestre do ano.<\/p>\n\n\n\n<p>O Minist\u00e9rio da Justi\u00e7a, com a Pol\u00edcia Federal, \u00e9 o \u00f3rg\u00e3o que mais gastou com cart\u00f5es corporativos em 2025; R$15,3 milh\u00f5es, seguido pela Presid\u00eancia da Rep\u00fablica, que torrou R$12 milh\u00f5es com s\u00f3 11 portadores de cart\u00f5es.<\/p>\n\n\n\n<p><strong>Bolada misteriosa<\/strong><\/p>\n\n\n\n<p>Um cart\u00e3o da Presid\u00eancia de Lula pagou uma s\u00f3 conta de R$252 mil em julho. Detalhes est\u00e3o protegidos sob sigilo.<\/p>\n\n\n\n<p><strong>Tudo em segredo<\/strong><\/p>\n\n\n\n<p>No m\u00eas passado, uma outra conta de cart\u00e3o da Presid\u00eancia da Rep\u00fablica custou R$189 mil aos pagadores de impostos.<\/p>\n\n\n\n<p><strong>M\u00e9dia estratosf\u00e9rica<\/strong><\/p>\n\n\n\n<p>Existem apenas 4.325 cart\u00f5es no governo, entretanto cada um gasta cerca de R$12,5 mil por m\u00eas, mais de oito vezes o sal\u00e1rio-m\u00ednimo.<\/p>\n\n\n\n<p><strong>Tem mais<\/strong><\/p>\n\n\n\n<p>A conta n\u00e3o inclui R$216,3 milh\u00f5es dos cart\u00f5es da Defesa Civil, usados em respostas a emerg\u00eancias promovidas por governos estaduais.<\/p>\n\n\n\n<p><sub>Por Cl\u00e1udio Humberto &#8211; Di\u00e1rio do Poder<\/sub><\/p>\n\n\n\n<p><\/p>\n\n\n\n<p><\/p>\n","protected":false},"excerpt":{"rendered":"<p>Os cart\u00f5es de pagamento do governo Lula (PT), os tais \u201ccart\u00f5es corporativos\u201d, j\u00e1 tomaram mais de R$56 milh\u00f5es dos pagadores de impostos apenas no primeiro semestre do ano. O Minist\u00e9rio da Justi\u00e7a, com a Pol\u00edcia Federal, \u00e9 o \u00f3rg\u00e3o que mais gastou com cart\u00f5es corporativos em 2025; R$15,3 milh\u00f5es, seguido pela Presid\u00eancia da Rep\u00fablica, que&#8230;<\/p>\n","protected":false},"author":1,"featured_media":484,"comment_status":"open","ping_status":"closed","sticky":false,"template":"","format":"standard","meta":{"footnotes":""},"categories":[3],"tags":[],"class_list":["post-483","post","type-post","status-publish","format-standard","has-post-thumbnail","hentry","category-geral"],"_links":{"self":[{"href":"https:\/\/cafecommessias.com.br\/index.php?rest_route=\/wp\/v2\/posts\/483","targetHints":{"allow":["GET"]}}],"collection":[{"href":"https:\/\/cafecommessias.com.br\/index.php?rest_route=\/wp\/v2\/posts"}],"about":[{"href":"https:\/\/cafecommessias.com.br\/index.php?rest_route=\/wp\/v2\/types\/post"}],"author":[{"embeddable":true,"href":"https:\/\/cafecommessias.com.br\/index.php?rest_route=\/wp\/v2\/users\/1"}],"replies":[{"embeddable":true,"href":"https:\/\/cafecommessias.com.br\/index.php?rest_route=%2Fwp%2Fv2%2Fcomments&post=483"}],"version-history":[{"count":1,"href":"https:\/\/cafecommessias.com.br\/index.php?rest_route=\/wp\/v2\/posts\/483\/revisions"}],"predecessor-version":[{"id":485,"href":"https:\/\/cafecommessias.com.br\/index.php?rest_route=\/wp\/v2\/posts\/483\/revisions\/485"}],"wp:featuredmedia":[{"embeddable":true,"href":"https:\/\/cafecommessias.com.br\/index.php?rest_route=\/wp\/v2\/media\/484"}],"wp:attachment":[{"href":"https:\/\/cafecommessias.com.br\/index.php?rest_route=%2Fwp%2Fv2%2Fmedia&parent=483"}],"wp:term":[{"taxonomy":"category","embeddable":true,"href":"https:\/\/cafecommessias.com.br\/index.php?rest_route=%2Fwp%2Fv2%2Fcategories&post=483"},{"taxonomy":"post_tag","embeddable":true,"href":"https:\/\/cafecommessias.com.br\/index.php?rest_route=%2Fwp%2Fv2%2Ftags&post=483"}],"curies":[{"name":"wp","href":"https:\/\/api.w.org\/{rel}","templated":true}]}}