{"id":4862,"date":"2025-11-10T08:16:42","date_gmt":"2025-11-10T11:16:42","guid":{"rendered":"https:\/\/cafecommessias.com.br\/?p=4862"},"modified":"2025-11-10T10:14:14","modified_gmt":"2025-11-10T13:14:14","slug":"vereador-e-assessor-sao-mortos-a-tiros-em-sitio-no-interior-da-bahia","status":"publish","type":"post","link":"https:\/\/cafecommessias.com.br\/?p=4862","title":{"rendered":"Vereador e assessor s\u00e3o mortos a tiros em s\u00edtio no interior da Bahia"},"content":{"rendered":"\n<p>O vereador de Santo Amaro,&nbsp;<strong>Gleiber J\u00fanior<\/strong>&nbsp;(Avante), e o assessor dele,&nbsp;<strong>Diego Castro Reis<\/strong>, foram mortos a tiros neste domingo (9), em um s\u00edtio localizado no munic\u00edpio de Santo Amaro, no&nbsp;<strong>Rec\u00f4ncavo da Bahia<\/strong>.<\/p>\n\n\n\n<p>De acordo com informa\u00e7\u00f5es da&nbsp;<strong>Pol\u00edcia Civil<\/strong>, o crime ocorreu em uma propriedade pertencente \u00e0 fam\u00edlia do parlamentar. At\u00e9 o momento,&nbsp;<strong>n\u00e3o h\u00e1 informa\u00e7\u00f5es sobre a motiva\u00e7\u00e3o, a autoria do crime ou identifica\u00e7\u00e3o de suspeitos<\/strong>.<\/p>\n\n\n\n<p>A&nbsp;<strong>Prefeitura de Santo Amaro<\/strong>&nbsp;decretou&nbsp;<strong>luto oficial de tr\u00eas dias<\/strong>&nbsp;em raz\u00e3o da morte do vereador. Em nota, o&nbsp;<strong>partido Avante<\/strong>&nbsp;manifestou pesar e solidariedade \u00e0 fam\u00edlia e aos amigos das v\u00edtimas.<\/p>\n\n\n\n<p>Gleiber J\u00fanior exercia seu primeiro mandato como vereador e era uma das principais lideran\u00e7as jovens do partido na regi\u00e3o. O caso \u00e9 investigado pela&nbsp;<strong>Delegacia Territorial de Santo Amaro<\/strong>, que apura as circunst\u00e2ncias do duplo homic\u00eddio.<\/p>\n","protected":false},"excerpt":{"rendered":"<p>O vereador de Santo Amaro,&nbsp;Gleiber J\u00fanior&nbsp;(Avante), e o assessor dele,&nbsp;Diego Castro Reis, foram mortos a tiros neste domingo (9), em um s\u00edtio localizado no munic\u00edpio de Santo Amaro, no&nbsp;Rec\u00f4ncavo da Bahia. De acordo com informa\u00e7\u00f5es da&nbsp;Pol\u00edcia Civil, o crime ocorreu em uma propriedade pertencente \u00e0 fam\u00edlia do parlamentar. At\u00e9 o momento,&nbsp;n\u00e3o h\u00e1 informa\u00e7\u00f5es sobre a&#8230;<\/p>\n","protected":false},"author":1,"featured_media":4863,"comment_status":"open","ping_status":"closed","sticky":false,"template":"","format":"standard","meta":{"footnotes":""},"categories":[23],"tags":[],"class_list":["post-4862","post","type-post","status-publish","format-standard","has-post-thumbnail","hentry","category-crime"],"_links":{"self":[{"href":"https:\/\/cafecommessias.com.br\/index.php?rest_route=\/wp\/v2\/posts\/4862","targetHints":{"allow":["GET"]}}],"collection":[{"href":"https:\/\/cafecommessias.com.br\/index.php?rest_route=\/wp\/v2\/posts"}],"about":[{"href":"https:\/\/cafecommessias.com.br\/index.php?rest_route=\/wp\/v2\/types\/post"}],"author":[{"embeddable":true,"href":"https:\/\/cafecommessias.com.br\/index.php?rest_route=\/wp\/v2\/users\/1"}],"replies":[{"embeddable":true,"href":"https:\/\/cafecommessias.com.br\/index.php?rest_route=%2Fwp%2Fv2%2Fcomments&post=4862"}],"version-history":[{"count":1,"href":"https:\/\/cafecommessias.com.br\/index.php?rest_route=\/wp\/v2\/posts\/4862\/revisions"}],"predecessor-version":[{"id":4864,"href":"https:\/\/cafecommessias.com.br\/index.php?rest_route=\/wp\/v2\/posts\/4862\/revisions\/4864"}],"wp:featuredmedia":[{"embeddable":true,"href":"https:\/\/cafecommessias.com.br\/index.php?rest_route=\/wp\/v2\/media\/4863"}],"wp:attachment":[{"href":"https:\/\/cafecommessias.com.br\/index.php?rest_route=%2Fwp%2Fv2%2Fmedia&parent=4862"}],"wp:term":[{"taxonomy":"category","embeddable":true,"href":"https:\/\/cafecommessias.com.br\/index.php?rest_route=%2Fwp%2Fv2%2Fcategories&post=4862"},{"taxonomy":"post_tag","embeddable":true,"href":"https:\/\/cafecommessias.com.br\/index.php?rest_route=%2Fwp%2Fv2%2Ftags&post=4862"}],"curies":[{"name":"wp","href":"https:\/\/api.w.org\/{rel}","templated":true}]}}