{"id":4896,"date":"2025-11-11T16:32:02","date_gmt":"2025-11-11T19:32:02","guid":{"rendered":"https:\/\/cafecommessias.com.br\/?p=4896"},"modified":"2025-11-11T16:32:25","modified_gmt":"2025-11-11T19:32:25","slug":"frescou-mesmo-janja-provoca-a-imprensa-ja-compraram-coxinha","status":"publish","type":"post","link":"https:\/\/cafecommessias.com.br\/?p=4896","title":{"rendered":"FRESCOU MESMO: Janja provoca a imprensa: \u2018J\u00e1 compraram coxinha?\u2019"},"content":{"rendered":"\n<p>A primeira-dama Janja da Silva acrescentou ao seu repert\u00f3rio de gafes mais um epis\u00f3dio nesta segunda-feira, 10. Ao acompanhar o presidente Lula da Silva na abertura oficial da COP30, em Bel\u00e9m (PA), a petista provocou jornalistas.<\/p>\n\n\n\n<p>Em visita a uma \u00e1rea pr\u00f3xima de onde emissoras de televis\u00e3o e portais de not\u00edcias instalaram seus est\u00fadios, a petista, em tom ir\u00f4nico, perguntou aos profissionais da imprensa: \u201cJ\u00e1 compraram coxinha?\u201d.<\/p>\n\n\n\n<p>Segundo relato do site UOL, Janja passou pelo corredor sorrindo e fez a indaga\u00e7\u00e3o provocativa. A frase ocorre em meio a uma repercuss\u00e3o negativa principalmente em raz\u00e3o dos pre\u00e7os que v\u00e1rias lanchonetes e restaurantes est\u00e3o impondo ao p\u00fablico no evento.<\/p>\n\n\n\n<p>Uma garrafa de \u00e1gua de 350 ml, por exemplo, chegou a custar R$ 25. Salgados como coxinhas e past\u00e9is, por sua vez, saiam ao pre\u00e7o de R$ 30 e R$ 40. Nesse contexto de alta inflacion\u00e1ria, a situa\u00e7\u00e3o recebeu cr\u00edticas de visitantes durante a C\u00fapula dos L\u00edderes, dias antes da abertura oficial.<\/p>\n\n\n\n<p>Um jornalista da CNN reclamou em seu perfil no Instagram. Disse que precisou gastar R$ 99 para consumir um refrigerante e dois salgados. A queixa pelos valores que o com\u00e9rcio local est\u00e1 cobrando \u00e9 geral. O cen\u00e1rio, inclusive, deu abertura para um debate sobre o discurso oficial do governo brasileiro acerca de justi\u00e7a social, assim como a promessa de participa\u00e7\u00e3o popular na confer\u00eancia clim\u00e1tica.<\/p>\n\n\n\n<p>Essa n\u00e3o \u00e9 a primeira vez, ali\u00e1s, que Janja se torna not\u00edcia por adotar comportamentos at\u00edpicos para uma primeira-dama. No \u00faltimo dia 4, ela voltou a ser alvo de cr\u00edticas por ser vista dan\u00e7ando. Janja apareceu ao lado da ministra da Igualdade Racial, Anielle Franco, a bordo do Iana III, o barco que hospeda a comitiva presidencial durante a COP30.<\/p>\n\n\n\n<p><em><sub>Por Revista Oeste<\/sub><\/em><\/p>\n\n\n\n<p><a href=\"https:\/\/www.blogdobg.com.br\/frescou-mesmo-janja-provoca-a-imprensa-ja-compraram-coxinha\/#comentarios\"><\/a><\/p>\n\n\n\n<p><a href=\"tg:\/\/msg?text=https%3A%2F%2Fwww.blogdobg.com.br%2Ffrescou-mesmo-janja-provoca-a-imprensa-ja-compraram-coxinha%2F%20FRESCOU%20MESMO%3A%20Janja%20provoca%20a%20imprensa%3A%20%E2%80%98J%C3%A1%20compraram%20coxinha%3F%E2%80%99\"><\/a><\/p>\n\n\n\n<p><\/p>\n","protected":false},"excerpt":{"rendered":"<p>A primeira-dama Janja da Silva acrescentou ao seu repert\u00f3rio de gafes mais um epis\u00f3dio nesta segunda-feira, 10. Ao acompanhar o presidente Lula da Silva na abertura oficial da COP30, em Bel\u00e9m (PA), a petista provocou jornalistas. Em visita a uma \u00e1rea pr\u00f3xima de onde emissoras de televis\u00e3o e portais de not\u00edcias instalaram seus est\u00fadios, a&#8230;<\/p>\n","protected":false},"author":1,"featured_media":4897,"comment_status":"open","ping_status":"closed","sticky":false,"template":"","format":"standard","meta":{"footnotes":""},"categories":[3],"tags":[],"class_list":["post-4896","post","type-post","status-publish","format-standard","has-post-thumbnail","hentry","category-geral"],"_links":{"self":[{"href":"https:\/\/cafecommessias.com.br\/index.php?rest_route=\/wp\/v2\/posts\/4896","targetHints":{"allow":["GET"]}}],"collection":[{"href":"https:\/\/cafecommessias.com.br\/index.php?rest_route=\/wp\/v2\/posts"}],"about":[{"href":"https:\/\/cafecommessias.com.br\/index.php?rest_route=\/wp\/v2\/types\/post"}],"author":[{"embeddable":true,"href":"https:\/\/cafecommessias.com.br\/index.php?rest_route=\/wp\/v2\/users\/1"}],"replies":[{"embeddable":true,"href":"https:\/\/cafecommessias.com.br\/index.php?rest_route=%2Fwp%2Fv2%2Fcomments&post=4896"}],"version-history":[{"count":1,"href":"https:\/\/cafecommessias.com.br\/index.php?rest_route=\/wp\/v2\/posts\/4896\/revisions"}],"predecessor-version":[{"id":4898,"href":"https:\/\/cafecommessias.com.br\/index.php?rest_route=\/wp\/v2\/posts\/4896\/revisions\/4898"}],"wp:featuredmedia":[{"embeddable":true,"href":"https:\/\/cafecommessias.com.br\/index.php?rest_route=\/wp\/v2\/media\/4897"}],"wp:attachment":[{"href":"https:\/\/cafecommessias.com.br\/index.php?rest_route=%2Fwp%2Fv2%2Fmedia&parent=4896"}],"wp:term":[{"taxonomy":"category","embeddable":true,"href":"https:\/\/cafecommessias.com.br\/index.php?rest_route=%2Fwp%2Fv2%2Fcategories&post=4896"},{"taxonomy":"post_tag","embeddable":true,"href":"https:\/\/cafecommessias.com.br\/index.php?rest_route=%2Fwp%2Fv2%2Ftags&post=4896"}],"curies":[{"name":"wp","href":"https:\/\/api.w.org\/{rel}","templated":true}]}}