{"id":4928,"date":"2025-11-12T06:35:56","date_gmt":"2025-11-12T09:35:56","guid":{"rendered":"https:\/\/cafecommessias.com.br\/?p=4928"},"modified":"2025-11-12T06:36:12","modified_gmt":"2025-11-12T09:36:12","slug":"boulos-chama-relator-do-pl-antifaccao-de-protetor-do-crime-organizado-e-acusa-tarcisio-de-mandar-fazer-o-servico-sujo","status":"publish","type":"post","link":"https:\/\/cafecommessias.com.br\/?p=4928","title":{"rendered":"Boulos chama relator do PL Antifac\u00e7\u00e3o de \u201cprotetor do crime organizado\u201d e acusa Tarc\u00edsio de \u201cmandar fazer o servi\u00e7o sujo\u201d"},"content":{"rendered":"\n<p>O ministro da Secretaria-Geral da Presid\u00eancia, Guilherme Boulos, partiu pra cima do deputado Guilherme Derrite nesta ter\u00e7a-feira (11) e detonou o relat\u00f3rio apresentado pelo parlamentar sobre o PL Antifac\u00e7\u00e3o.&nbsp;Boulos classificou o parecer como uma \u201cPEC da blindagem 2.0\u201d, insinuando que Derrite estaria tentando proteger o crime organizado e atrapalhar a Pol\u00edcia Federal.<\/p>\n\n\n\n<p>\u201cEle est\u00e1 protegendo algu\u00e9m, querendo acobertar algu\u00e9m ou, como se diz na linguagem popular, passando pano pra algu\u00e9m\u201d.&nbsp;O ministro foi al\u00e9m e atacou o governador de S\u00e3o Paulo, Tarc\u00edsio de Freitas:&nbsp;\u201cO Tarc\u00edsio mandou o Derrite voltar pra C\u00e2mara pra fazer o servi\u00e7o sujo. Essa \u00e9 a verdade\u201d.<\/p>\n\n\n\n<p>Derrite, que deixou a Secretaria de Seguran\u00e7a P\u00fablica paulista na semana passada pra reassumir o mandato, rebateu e disse que n\u00e3o h\u00e1 nenhuma tentativa de limitar a PF.<\/p>\n\n\n\n<p>Mas dentro do governo Lula, o clima \u00e9 de bronca. Outros ministros, como Haddad, Gleisi e Lewandowski, tamb\u00e9m criticaram o relat\u00f3rio, que ser\u00e1 votado nesta quarta-feira (12).&nbsp;O projeto, de autoria do Executivo, pretende endurecer o combate \u00e0s fac\u00e7\u00f5es criminosas \u2014 mas o texto de Derrite mudou pontos-chave, como a forma de atua\u00e7\u00e3o conjunta entre a PF e as pol\u00edcias estaduais.<\/p>\n","protected":false},"excerpt":{"rendered":"<p>O ministro da Secretaria-Geral da Presid\u00eancia, Guilherme Boulos, partiu pra cima do deputado Guilherme Derrite nesta ter\u00e7a-feira (11) e detonou o relat\u00f3rio apresentado pelo parlamentar sobre o PL Antifac\u00e7\u00e3o.&nbsp;Boulos classificou o parecer como uma \u201cPEC da blindagem 2.0\u201d, insinuando que Derrite estaria tentando proteger o crime organizado e atrapalhar a Pol\u00edcia Federal. \u201cEle est\u00e1 protegendo&#8230;<\/p>\n","protected":false},"author":1,"featured_media":4929,"comment_status":"open","ping_status":"closed","sticky":false,"template":"","format":"standard","meta":{"footnotes":""},"categories":[6],"tags":[],"class_list":["post-4928","post","type-post","status-publish","format-standard","has-post-thumbnail","hentry","category-politica"],"_links":{"self":[{"href":"https:\/\/cafecommessias.com.br\/index.php?rest_route=\/wp\/v2\/posts\/4928","targetHints":{"allow":["GET"]}}],"collection":[{"href":"https:\/\/cafecommessias.com.br\/index.php?rest_route=\/wp\/v2\/posts"}],"about":[{"href":"https:\/\/cafecommessias.com.br\/index.php?rest_route=\/wp\/v2\/types\/post"}],"author":[{"embeddable":true,"href":"https:\/\/cafecommessias.com.br\/index.php?rest_route=\/wp\/v2\/users\/1"}],"replies":[{"embeddable":true,"href":"https:\/\/cafecommessias.com.br\/index.php?rest_route=%2Fwp%2Fv2%2Fcomments&post=4928"}],"version-history":[{"count":1,"href":"https:\/\/cafecommessias.com.br\/index.php?rest_route=\/wp\/v2\/posts\/4928\/revisions"}],"predecessor-version":[{"id":4930,"href":"https:\/\/cafecommessias.com.br\/index.php?rest_route=\/wp\/v2\/posts\/4928\/revisions\/4930"}],"wp:featuredmedia":[{"embeddable":true,"href":"https:\/\/cafecommessias.com.br\/index.php?rest_route=\/wp\/v2\/media\/4929"}],"wp:attachment":[{"href":"https:\/\/cafecommessias.com.br\/index.php?rest_route=%2Fwp%2Fv2%2Fmedia&parent=4928"}],"wp:term":[{"taxonomy":"category","embeddable":true,"href":"https:\/\/cafecommessias.com.br\/index.php?rest_route=%2Fwp%2Fv2%2Fcategories&post=4928"},{"taxonomy":"post_tag","embeddable":true,"href":"https:\/\/cafecommessias.com.br\/index.php?rest_route=%2Fwp%2Fv2%2Ftags&post=4928"}],"curies":[{"name":"wp","href":"https:\/\/api.w.org\/{rel}","templated":true}]}}