{"id":4955,"date":"2025-11-12T12:46:40","date_gmt":"2025-11-12T15:46:40","guid":{"rendered":"https:\/\/cafecommessias.com.br\/?p=4955"},"modified":"2025-11-12T12:46:56","modified_gmt":"2025-11-12T15:46:56","slug":"quaest-desaprovacao-ao-governo-lula-volta-a-crescer-e-atinge-50","status":"publish","type":"post","link":"https:\/\/cafecommessias.com.br\/?p=4955","title":{"rendered":"QUAEST: Desaprova\u00e7\u00e3o ao governo Lula volta a crescer e atinge 50%"},"content":{"rendered":"\n<p>Ap\u00f3s meses de leve recupera\u00e7\u00e3o, a aprova\u00e7\u00e3o do governo Lula voltou a cair. A nova pesquisa&nbsp;<a href=\"https:\/\/www.genialinvestimentos.com.br\/\" target=\"_blank\" rel=\"noreferrer noopener\">Genial\/Quaest<\/a>&nbsp;de novembro de 2025 mostra que&nbsp;<strong>50% dos brasileiros desaprovam&nbsp;<\/strong>o governo e 47% aprovam, uma diferen\u00e7a de tr\u00eas pontos percentuais.<\/p>\n\n\n\n<p>O estudo mostra que a&nbsp;<strong>viol\u00eancia se tornou a principal preocupa\u00e7\u00e3o nacional<\/strong>, citada por 38% dos entrevistados, superando a economia (15%). A pauta da seguran\u00e7a, impulsionada pela recente opera\u00e7\u00e3o policial no Rio de Janeiro e por declara\u00e7\u00f5es do presidente, reacendeu o debate p\u00fablico e reorganizou prioridades da popula\u00e7\u00e3o.<\/p>\n\n\n\n<p><strong>&nbsp;Mais dados importantes:<br><\/strong>&nbsp;<\/p>\n\n\n\n<p><strong>Viol\u00eancia no topo:<\/strong>&nbsp;38% apontam a seguran\u00e7a p\u00fablica como principal problema do pa\u00eds, o maior \u00edndice desde 2023.<\/p>\n\n\n\n<p><strong>Opera\u00e7\u00f5es policiais:<\/strong>&nbsp;67% aprovam a a\u00e7\u00e3o nos complexos do Alem\u00e3o e da Penha, e 73% defendem classificar organiza\u00e7\u00f5es criminosas como terroristas.<\/p>\n\n\n\n<p><strong>Endurecimento da lei:<\/strong>&nbsp;88% apoiam penas mais severas para integrantes do crime organizado e 65% s\u00e3o favor\u00e1veis \u00e0 restri\u00e7\u00e3o de visitas \u00edntimas em pres\u00eddios.<\/p>\n\n\n\n<p><strong>Repercuss\u00e3o internacional:<\/strong>&nbsp;65% tomaram conhecimento do encontro entre Lula e Donald Trump; entre eles, 45% avaliam que o presidente saiu mais fortalecido.<\/p>\n\n\n\n<p class=\"has-text-align-center\"><strong><em>PUBLICIDADE<\/em><\/strong><\/p>\n\n\n\n<figure class=\"wp-block-image size-large\"><img loading=\"lazy\" decoding=\"async\" width=\"1024\" height=\"158\" src=\"https:\/\/cafecommessias.com.br\/wp-content\/uploads\/2025\/11\/Banner-ITIV-1300x200px-2-1024x158.gif\" alt=\"\" class=\"wp-image-4845\" srcset=\"https:\/\/cafecommessias.com.br\/wp-content\/uploads\/2025\/11\/Banner-ITIV-1300x200px-2-1024x158.gif 1024w, https:\/\/cafecommessias.com.br\/wp-content\/uploads\/2025\/11\/Banner-ITIV-1300x200px-2-300x46.gif 300w, https:\/\/cafecommessias.com.br\/wp-content\/uploads\/2025\/11\/Banner-ITIV-1300x200px-2-768x118.gif 768w\" sizes=\"auto, (max-width: 1024px) 100vw, 1024px\" \/><\/figure>\n","protected":false},"excerpt":{"rendered":"<p>Ap\u00f3s meses de leve recupera\u00e7\u00e3o, a aprova\u00e7\u00e3o do governo Lula voltou a cair. A nova pesquisa&nbsp;Genial\/Quaest&nbsp;de novembro de 2025 mostra que&nbsp;50% dos brasileiros desaprovam&nbsp;o governo e 47% aprovam, uma diferen\u00e7a de tr\u00eas pontos percentuais. O estudo mostra que a&nbsp;viol\u00eancia se tornou a principal preocupa\u00e7\u00e3o nacional, citada por 38% dos entrevistados, superando a economia (15%). A&#8230;<\/p>\n","protected":false},"author":1,"featured_media":4956,"comment_status":"open","ping_status":"closed","sticky":false,"template":"","format":"standard","meta":{"footnotes":""},"categories":[6],"tags":[],"class_list":["post-4955","post","type-post","status-publish","format-standard","has-post-thumbnail","hentry","category-politica"],"_links":{"self":[{"href":"https:\/\/cafecommessias.com.br\/index.php?rest_route=\/wp\/v2\/posts\/4955","targetHints":{"allow":["GET"]}}],"collection":[{"href":"https:\/\/cafecommessias.com.br\/index.php?rest_route=\/wp\/v2\/posts"}],"about":[{"href":"https:\/\/cafecommessias.com.br\/index.php?rest_route=\/wp\/v2\/types\/post"}],"author":[{"embeddable":true,"href":"https:\/\/cafecommessias.com.br\/index.php?rest_route=\/wp\/v2\/users\/1"}],"replies":[{"embeddable":true,"href":"https:\/\/cafecommessias.com.br\/index.php?rest_route=%2Fwp%2Fv2%2Fcomments&post=4955"}],"version-history":[{"count":1,"href":"https:\/\/cafecommessias.com.br\/index.php?rest_route=\/wp\/v2\/posts\/4955\/revisions"}],"predecessor-version":[{"id":4957,"href":"https:\/\/cafecommessias.com.br\/index.php?rest_route=\/wp\/v2\/posts\/4955\/revisions\/4957"}],"wp:featuredmedia":[{"embeddable":true,"href":"https:\/\/cafecommessias.com.br\/index.php?rest_route=\/wp\/v2\/media\/4956"}],"wp:attachment":[{"href":"https:\/\/cafecommessias.com.br\/index.php?rest_route=%2Fwp%2Fv2%2Fmedia&parent=4955"}],"wp:term":[{"taxonomy":"category","embeddable":true,"href":"https:\/\/cafecommessias.com.br\/index.php?rest_route=%2Fwp%2Fv2%2Fcategories&post=4955"},{"taxonomy":"post_tag","embeddable":true,"href":"https:\/\/cafecommessias.com.br\/index.php?rest_route=%2Fwp%2Fv2%2Ftags&post=4955"}],"curies":[{"name":"wp","href":"https:\/\/api.w.org\/{rel}","templated":true}]}}