{"id":4987,"date":"2025-11-12T13:49:16","date_gmt":"2025-11-12T16:49:16","guid":{"rendered":"https:\/\/cafecommessias.com.br\/?p=4987"},"modified":"2025-11-12T13:49:28","modified_gmt":"2025-11-12T16:49:28","slug":"inss-amplia-prazo-para-contestar-descontos-indevidos","status":"publish","type":"post","link":"https:\/\/cafecommessias.com.br\/?p=4987","title":{"rendered":"INSS amplia prazo para contestar descontos indevidos"},"content":{"rendered":"\n<p>O Governo do Brasil prorrogou por mais tr\u00eas meses o prazo para aposentados e pensionistas contestarem descontos indevidos nos benef\u00edcios do INSS. A data limite, que antes se encerraria em 14 de novembro, foi estendida at\u00e9 14 de fevereiro de 2026. Quem ainda n\u00e3o contestou os descontos ter\u00e1 agora at\u00e9 fevereiro para faz\u00ea-lo pelo aplicativo&nbsp;<a href=\"https:\/\/meu.inss.gov.br\/#\/login\" target=\"_blank\" rel=\"noreferrer noopener\"><strong><u>Meu INSS<\/u><\/strong><\/a><strong><u>&nbsp;<\/u><\/strong>&nbsp;ou em uma ag\u00eancia dos Correios.<\/p>\n\n\n\n<p>\u201cOutra novidade \u00e9 que vamos devolver os valores cobrados sem autoriza\u00e7\u00e3o, inclusive quando houver documentos que indicavam falsamente o consentimento do benefici\u00e1rio\u201d, destacou o ministro da Previd\u00eancia, Wolney Queiroz, nas redes sociais.<\/p>\n\n\n\n<p><strong>CANAIS<\/strong>&nbsp;\u2014 A contesta\u00e7\u00e3o pode ser feita por tr\u00eas diferentes canais de forma simples:<\/p>\n\n\n\n<ul class=\"wp-block-list\">\n<li><strong>Meu INSS<\/strong>\u00a0(aplicativo ou site): servi\u00e7o \u201cConsultar Descontos de Entidades Associativas\u201d;<\/li>\n\n\n\n<li><strong>Central 135<\/strong>: liga\u00e7\u00e3o gratuita, de segunda a s\u00e1bado, das 7h \u00e0s 22h;<\/li>\n\n\n\n<li><strong>Correios<\/strong>: mais de 5 mil ag\u00eancias oferecem atendimento assistido e gratuito.<\/li>\n<\/ul>\n\n\n\n<p><strong>APLICATIVO<\/strong>&nbsp;\u2014 No aplicativo, ao clicar em \u201cN\u00e3o autorizei o desconto\u201d, o benefici\u00e1rio registra a contesta\u00e7\u00e3o, e a entidade tem at\u00e9 15 dias \u00fateis para responder. Caso n\u00e3o apresente uma resposta, o sistema abre automaticamente a op\u00e7\u00e3o para os aposentados e pensionistas fazerem a ades\u00e3o ao acordo de ressarcimento. A ades\u00e3o vale para descontos realizados entre mar\u00e7o de 2020 e mar\u00e7o de 2025, evitando a necessidade de a\u00e7\u00e3o judicial.<\/p>\n\n\n\n<p><strong>BALAN\u00c7O<\/strong>&nbsp;\u2014 De acordo com balan\u00e7o divulgado pelo INSS, mais de 6 milh\u00f5es de contesta\u00e7\u00f5es foram registradas por benefici\u00e1rios que n\u00e3o reconheceram os descontos feitos pelas entidades associativas. Mais de 3,7 milh\u00f5es de pessoas aderiram ao acordo e R$ 2,54 bilh\u00f5es j\u00e1 foram devolvidos.<\/p>\n","protected":false},"excerpt":{"rendered":"<p>O Governo do Brasil prorrogou por mais tr\u00eas meses o prazo para aposentados e pensionistas contestarem descontos indevidos nos benef\u00edcios do INSS. A data limite, que antes se encerraria em 14 de novembro, foi estendida at\u00e9 14 de fevereiro de 2026. Quem ainda n\u00e3o contestou os descontos ter\u00e1 agora at\u00e9 fevereiro para faz\u00ea-lo pelo aplicativo&nbsp;Meu&#8230;<\/p>\n","protected":false},"author":1,"featured_media":4988,"comment_status":"open","ping_status":"closed","sticky":false,"template":"","format":"standard","meta":{"footnotes":""},"categories":[3],"tags":[],"class_list":["post-4987","post","type-post","status-publish","format-standard","has-post-thumbnail","hentry","category-geral"],"_links":{"self":[{"href":"https:\/\/cafecommessias.com.br\/index.php?rest_route=\/wp\/v2\/posts\/4987","targetHints":{"allow":["GET"]}}],"collection":[{"href":"https:\/\/cafecommessias.com.br\/index.php?rest_route=\/wp\/v2\/posts"}],"about":[{"href":"https:\/\/cafecommessias.com.br\/index.php?rest_route=\/wp\/v2\/types\/post"}],"author":[{"embeddable":true,"href":"https:\/\/cafecommessias.com.br\/index.php?rest_route=\/wp\/v2\/users\/1"}],"replies":[{"embeddable":true,"href":"https:\/\/cafecommessias.com.br\/index.php?rest_route=%2Fwp%2Fv2%2Fcomments&post=4987"}],"version-history":[{"count":1,"href":"https:\/\/cafecommessias.com.br\/index.php?rest_route=\/wp\/v2\/posts\/4987\/revisions"}],"predecessor-version":[{"id":4989,"href":"https:\/\/cafecommessias.com.br\/index.php?rest_route=\/wp\/v2\/posts\/4987\/revisions\/4989"}],"wp:featuredmedia":[{"embeddable":true,"href":"https:\/\/cafecommessias.com.br\/index.php?rest_route=\/wp\/v2\/media\/4988"}],"wp:attachment":[{"href":"https:\/\/cafecommessias.com.br\/index.php?rest_route=%2Fwp%2Fv2%2Fmedia&parent=4987"}],"wp:term":[{"taxonomy":"category","embeddable":true,"href":"https:\/\/cafecommessias.com.br\/index.php?rest_route=%2Fwp%2Fv2%2Fcategories&post=4987"},{"taxonomy":"post_tag","embeddable":true,"href":"https:\/\/cafecommessias.com.br\/index.php?rest_route=%2Fwp%2Fv2%2Ftags&post=4987"}],"curies":[{"name":"wp","href":"https:\/\/api.w.org\/{rel}","templated":true}]}}