{"id":4990,"date":"2025-11-13T06:49:21","date_gmt":"2025-11-13T09:49:21","guid":{"rendered":"https:\/\/cafecommessias.com.br\/?p=4990"},"modified":"2025-11-13T06:49:38","modified_gmt":"2025-11-13T09:49:38","slug":"moraes-amplia-prazo-para-governo-do-rio-entregar-relatorios-sobre-operacao","status":"publish","type":"post","link":"https:\/\/cafecommessias.com.br\/?p=4990","title":{"rendered":"Moraes amplia prazo para governo do Rio entregar relat\u00f3rios sobre opera\u00e7\u00e3o"},"content":{"rendered":"\n<p>O ministro Alexandre de Moraes, do Supremo Tribunal Federal (STF), decidiu nesta quarta-feira (12) prorrogar at\u00e9 o dia 17 de novembro o prazo para que o governo do Rio de Janeiro envie os relat\u00f3rios e imagens da megaopera\u00e7\u00e3o policial que resultou em 121 mortes. A amplia\u00e7\u00e3o foi concedida ap\u00f3s pedido da Procuradoria-Geral do Estado, que alegou dificuldade para reunir todos os materiais exigidos.<\/p>\n\n\n\n<p>De acordo com o governo fluminense, a prorroga\u00e7\u00e3o permitir\u00e1 que as secretarias envolvidas \u201ctenham tempo h\u00e1bil para consolidar e encaminhar as informa\u00e7\u00f5es e documentos solicitados\u201d. A decis\u00e3o anterior de Moraes, datada de 8 de novembro, previa 48 horas para o envio de c\u00f3pias de laudos necrosc\u00f3picos, imagens de c\u00e2meras corporais, relat\u00f3rios de intelig\u00eancia e dados sobre os alvos da Opera\u00e7\u00e3o Conten\u00e7\u00e3o.<\/p>\n\n\n\n<p>Na mesma determina\u00e7\u00e3o, o ministro havia exigido que o Minist\u00e9rio P\u00fablico do Rio (MP-RJ), o Tribunal de Justi\u00e7a (TJ-RJ) e a Defensoria P\u00fablica prestassem esclarecimentos sobre a a\u00e7\u00e3o. Nesta quarta, os tr\u00eas \u00f3rg\u00e3os enviaram suas respostas, e o MP informou que j\u00e1 iniciou a an\u00e1lise das grava\u00e7\u00f5es registradas pelos policiais.<\/p>\n\n\n\n<p>As medidas fazem parte da ADPF das Favelas (Argui\u00e7\u00e3o de Descumprimento de Preceito Fundamental n\u00ba 635), que trata da letalidade policial no estado. Moraes atua como relator tempor\u00e1rio do processo.<\/p>\n\n\n\n<p><em><sub>Por CNN Brasil<\/sub><\/em><\/p>\n\n\n\n<p><\/p>\n","protected":false},"excerpt":{"rendered":"<p>O ministro Alexandre de Moraes, do Supremo Tribunal Federal (STF), decidiu nesta quarta-feira (12) prorrogar at\u00e9 o dia 17 de novembro o prazo para que o governo do Rio de Janeiro envie os relat\u00f3rios e imagens da megaopera\u00e7\u00e3o policial que resultou em 121 mortes. A amplia\u00e7\u00e3o foi concedida ap\u00f3s pedido da Procuradoria-Geral do Estado, que&#8230;<\/p>\n","protected":false},"author":1,"featured_media":4991,"comment_status":"open","ping_status":"closed","sticky":false,"template":"","format":"standard","meta":{"footnotes":""},"categories":[6],"tags":[],"class_list":["post-4990","post","type-post","status-publish","format-standard","has-post-thumbnail","hentry","category-politica"],"_links":{"self":[{"href":"https:\/\/cafecommessias.com.br\/index.php?rest_route=\/wp\/v2\/posts\/4990","targetHints":{"allow":["GET"]}}],"collection":[{"href":"https:\/\/cafecommessias.com.br\/index.php?rest_route=\/wp\/v2\/posts"}],"about":[{"href":"https:\/\/cafecommessias.com.br\/index.php?rest_route=\/wp\/v2\/types\/post"}],"author":[{"embeddable":true,"href":"https:\/\/cafecommessias.com.br\/index.php?rest_route=\/wp\/v2\/users\/1"}],"replies":[{"embeddable":true,"href":"https:\/\/cafecommessias.com.br\/index.php?rest_route=%2Fwp%2Fv2%2Fcomments&post=4990"}],"version-history":[{"count":1,"href":"https:\/\/cafecommessias.com.br\/index.php?rest_route=\/wp\/v2\/posts\/4990\/revisions"}],"predecessor-version":[{"id":4992,"href":"https:\/\/cafecommessias.com.br\/index.php?rest_route=\/wp\/v2\/posts\/4990\/revisions\/4992"}],"wp:featuredmedia":[{"embeddable":true,"href":"https:\/\/cafecommessias.com.br\/index.php?rest_route=\/wp\/v2\/media\/4991"}],"wp:attachment":[{"href":"https:\/\/cafecommessias.com.br\/index.php?rest_route=%2Fwp%2Fv2%2Fmedia&parent=4990"}],"wp:term":[{"taxonomy":"category","embeddable":true,"href":"https:\/\/cafecommessias.com.br\/index.php?rest_route=%2Fwp%2Fv2%2Fcategories&post=4990"},{"taxonomy":"post_tag","embeddable":true,"href":"https:\/\/cafecommessias.com.br\/index.php?rest_route=%2Fwp%2Fv2%2Ftags&post=4990"}],"curies":[{"name":"wp","href":"https:\/\/api.w.org\/{rel}","templated":true}]}}