{"id":4996,"date":"2025-11-13T06:53:29","date_gmt":"2025-11-13T09:53:29","guid":{"rendered":"https:\/\/cafecommessias.com.br\/?p=4996"},"modified":"2025-11-13T08:41:56","modified_gmt":"2025-11-13T11:41:56","slug":"justica-do-rn-condena-policial-penal-flagrado-dirigindo-sob-efeito-de-alcool","status":"publish","type":"post","link":"https:\/\/cafecommessias.com.br\/?p=4996","title":{"rendered":"Justi\u00e7a do RN condena policial penal flagrado dirigindo sob efeito de \u00e1lcool"},"content":{"rendered":"\n<p>A Justi\u00e7a condenou um policial penal flagrado conduzindo uma motocicleta sob efeito de \u00e1lcool no bairro Cidade da Esperan\u00e7a. A senten\u00e7a, em atendimento ao pedido do&nbsp;Minist\u00e9rio P\u00fablico do RN, foi proferida pela ju\u00edza Ada Maria da Cunha Galv\u00e3o, da 4\u00aa Vara Criminal da&nbsp;Comarca de Natal.&nbsp;<\/p>\n\n\n\n<p>De acordo com os autos, em 30 de dezembro de 2024, \u00e0s 23h38min, o homem apresentava vis\u00edveis sinais de embriaguez ao conduzir uma motocicleta nas proximidades da Rodovi\u00e1ria de Natal. Policiais militares, que se dirigiam a uma blitz da opera\u00e7\u00e3o&nbsp;Lei&nbsp;Seca, decidiram abord\u00e1-lo.&nbsp;<\/p>\n\n\n\n<p>No teste do baf\u00f4metro, foi constatado que ele estava com \u201ccapacidade psicomotora alterada por ter ingerido \u00e1lcool\u201d, j\u00e1 que a concentra\u00e7\u00e3o registrada foi de 1,22 mg\/l, enquanto o limite legal \u00e9 de 0,3 mg\/l. Os agentes ent\u00e3o efetuaram a pris\u00e3o em flagrante, sendo posteriormente concedida liberdade provis\u00f3ria mediante pagamento de fian\u00e7a.&nbsp;<\/p>\n\n\n\n<p>A defesa do r\u00e9u pediu a improced\u00eancia da den\u00fancia com base no art. 397, III, do&nbsp;C\u00f3digo&nbsp;de Processo Penal, alegando \u201cinexist\u00eancia de prova da autoria e materialidade\u201d. J\u00e1 o&nbsp;Minist\u00e9rio P\u00fablico&nbsp;estadual destacou \u201cind\u00edcios de autoria e materialidade delitiva da conduta il\u00edcita atribu\u00edda ao r\u00e9u\u201d.&nbsp;<\/p>\n\n\n\n<p><strong>Materialidade comprovada&nbsp;<\/strong><\/p>\n\n\n\n<p>Ao analisar o processo, a ju\u00edza ressaltou que a materialidade do delito ficou comprovada pelo Auto de Pris\u00e3o em Flagrante, Boletim de Ocorr\u00eancia, depoimentos, interrogat\u00f3rio e teste de alcoolemia. Al\u00e9m disso, o r\u00e9u confessou estar dirigindo ap\u00f3s ingerir bebida alco\u00f3lica.&nbsp;<\/p>\n\n\n\n<p>Diante disso, a magistrada acolheu o pedido do&nbsp;Minist\u00e9rio P\u00fablico e condenou o agente penal ao pagamento de multa de R$ 1.518, no \u00e2mbito da pena restritiva de direitos, al\u00e9m das custas processuais e da suspens\u00e3o da habilita\u00e7\u00e3o.&nbsp;<\/p>\n\n\n\n<p>\u201cO conjunto probat\u00f3rio indica, com a certeza exigida para uma condena\u00e7\u00e3o, que o acusado praticou o delito previsto no artigo 306 da&nbsp;Lei 9.503\/97, eis que conduziu ve\u00edculo automotor sob efeito de bebida alco\u00f3lica, conduta esta que ele n\u00e3o nega e que est\u00e1 em conson\u00e2ncia com o colhido dos depoimentos judiciais dos policiais respons\u00e1veis pela sua pris\u00e3o, aliado, ainda, \u00e0 prova documental consubstanciada atrav\u00e9s do Teste de Alcoolemia e Boletim de Ocorr\u00eancia\u201d, concluiu a ju\u00edza.&nbsp;<\/p>\n\n\n\n<p><strong><sub><em>Fonte:&nbsp;TJRN<\/em><\/sub><\/strong><\/p>\n\n\n\n<p class=\"has-text-align-center\"><strong><em>PUBLICIDADE<\/em><\/strong><\/p>\n\n\n\n<figure class=\"wp-block-image size-full\"><img loading=\"lazy\" decoding=\"async\" width=\"970\" height=\"160\" src=\"https:\/\/cafecommessias.com.br\/wp-content\/uploads\/2025\/11\/Banner-ITIV-970x160px-1.gif\" alt=\"\" class=\"wp-image-4835\"\/><\/figure>\n","protected":false},"excerpt":{"rendered":"<p>A Justi\u00e7a condenou um policial penal flagrado conduzindo uma motocicleta sob efeito de \u00e1lcool no bairro Cidade da Esperan\u00e7a. A senten\u00e7a, em atendimento ao pedido do&nbsp;Minist\u00e9rio P\u00fablico do RN, foi proferida pela ju\u00edza Ada Maria da Cunha Galv\u00e3o, da 4\u00aa Vara Criminal da&nbsp;Comarca de Natal.&nbsp; De acordo com os autos, em 30 de dezembro de&#8230;<\/p>\n","protected":false},"author":1,"featured_media":4997,"comment_status":"open","ping_status":"closed","sticky":false,"template":"","format":"standard","meta":{"footnotes":""},"categories":[3],"tags":[],"class_list":["post-4996","post","type-post","status-publish","format-standard","has-post-thumbnail","hentry","category-geral"],"_links":{"self":[{"href":"https:\/\/cafecommessias.com.br\/index.php?rest_route=\/wp\/v2\/posts\/4996","targetHints":{"allow":["GET"]}}],"collection":[{"href":"https:\/\/cafecommessias.com.br\/index.php?rest_route=\/wp\/v2\/posts"}],"about":[{"href":"https:\/\/cafecommessias.com.br\/index.php?rest_route=\/wp\/v2\/types\/post"}],"author":[{"embeddable":true,"href":"https:\/\/cafecommessias.com.br\/index.php?rest_route=\/wp\/v2\/users\/1"}],"replies":[{"embeddable":true,"href":"https:\/\/cafecommessias.com.br\/index.php?rest_route=%2Fwp%2Fv2%2Fcomments&post=4996"}],"version-history":[{"count":2,"href":"https:\/\/cafecommessias.com.br\/index.php?rest_route=\/wp\/v2\/posts\/4996\/revisions"}],"predecessor-version":[{"id":5016,"href":"https:\/\/cafecommessias.com.br\/index.php?rest_route=\/wp\/v2\/posts\/4996\/revisions\/5016"}],"wp:featuredmedia":[{"embeddable":true,"href":"https:\/\/cafecommessias.com.br\/index.php?rest_route=\/wp\/v2\/media\/4997"}],"wp:attachment":[{"href":"https:\/\/cafecommessias.com.br\/index.php?rest_route=%2Fwp%2Fv2%2Fmedia&parent=4996"}],"wp:term":[{"taxonomy":"category","embeddable":true,"href":"https:\/\/cafecommessias.com.br\/index.php?rest_route=%2Fwp%2Fv2%2Fcategories&post=4996"},{"taxonomy":"post_tag","embeddable":true,"href":"https:\/\/cafecommessias.com.br\/index.php?rest_route=%2Fwp%2Fv2%2Ftags&post=4996"}],"curies":[{"name":"wp","href":"https:\/\/api.w.org\/{rel}","templated":true}]}}